{"id":25052,"date":"2025-05-21T12:42:21","date_gmt":"2025-05-21T18:42:21","guid":{"rendered":"https:\/\/enconecte.com\/?p=25052"},"modified":"2025-06-03T12:42:39","modified_gmt":"2025-06-03T18:42:39","slug":"dif-jerez-inicia-campana-de-prevencion-de-pediculosis","status":"publish","type":"post","link":"https:\/\/enconecte.com\/?p=25052","title":{"rendered":"DIF JEREZ INICIA CAMPA\u00d1A DE PREVENCI\u00d3N DE PEDICULOSIS"},"content":{"rendered":"<p>El DIF Municipal de Jerez dio inicio a una Campa\u00f1a de Prevenci\u00f3n de la Pediculosis, con el objetivo de ofrecer a las instituciones educativas alternativas para cuidar la salud integral de sus alumnos ante afecciones comunes durante la temporada de calor.<br \/>\nEn el plantel multigrado \u201cBeatriz Gonz\u00e1lez Ortega\u201d, que integra estudiantes de preescolar, primaria y telesecundaria, as\u00ed como en el CENDI, la directora del SMDIF, Martha Alamillo, acompa\u00f1ada por el titular de la Jefatura Operativa, Juan Sald\u00edvar, realiz\u00f3 la entrega de champ\u00fas especiales para prevenir y combatir la pediculosis. En una primera etapa, se contempla la distribuci\u00f3n de un total de 40 litros de este producto en distintas escuelas del municipio.<br \/>\nAsimismo, personal m\u00e9dico del DIF ofreci\u00f3 a docentes y padres de familia una pl\u00e1tica informativa sobre el uso correcto de este champ\u00fa l\u00edquido para el cabello, as\u00ed como sobre la detecci\u00f3n temprana de esta afecci\u00f3n\u00a0parasitaria.<\/p>\n<p><a  href=\"https:\/\/enconecte.com\/wp-content\/uploads\/2025\/06\/Imagen-de-WhatsApp-2025-05-21-a-las-15.06.30_fddf1bef.jpg\" data-rel=\"lightbox-gallery-0\" data-rl_title=\"\" data-rl_caption=\"\" title=\"\"><img loading=\"lazy\" decoding=\"async\" class=\"alignnone size-full wp-image-25054\" src=\"https:\/\/enconecte.com\/wp-content\/uploads\/2025\/06\/Imagen-de-WhatsApp-2025-05-21-a-las-15.06.30_fddf1bef.jpg\" alt=\"\" width=\"1600\" height=\"1066\" srcset=\"https:\/\/enconecte.com\/wp-content\/uploads\/2025\/06\/Imagen-de-WhatsApp-2025-05-21-a-las-15.06.30_fddf1bef.jpg 1600w, https:\/\/enconecte.com\/wp-content\/uploads\/2025\/06\/Imagen-de-WhatsApp-2025-05-21-a-las-15.06.30_fddf1bef-300x200.jpg 300w, https:\/\/enconecte.com\/wp-content\/uploads\/2025\/06\/Imagen-de-WhatsApp-2025-05-21-a-las-15.06.30_fddf1bef-1024x682.jpg 1024w, https:\/\/enconecte.com\/wp-content\/uploads\/2025\/06\/Imagen-de-WhatsApp-2025-05-21-a-las-15.06.30_fddf1bef-768x512.jpg 768w, https:\/\/enconecte.com\/wp-content\/uploads\/2025\/06\/Imagen-de-WhatsApp-2025-05-21-a-las-15.06.30_fddf1bef-1536x1023.jpg 1536w\" sizes=\"auto, (max-width: 1600px) 100vw, 1600px\" \/><\/a><\/p>\n","protected":false},"excerpt":{"rendered":"<p>El DIF Municipal de Jerez dio inicio a una Campa\u00f1a de Prevenci\u00f3n de la Pediculosis, con el objetivo de ofrecer a las instituciones educativas alternativas para cuidar la salud integral de sus alumnos ante afecciones comunes durante la temporada de calor. En el plantel multigrado \u201cBeatriz Gonz\u00e1lez Ortega\u201d, que integra estudiantes de preescolar, primaria y [&hellip;]<\/p>\n","protected":false},"author":9,"featured_media":25053,"comment_status":"closed","ping_status":"closed","sticky":false,"template":"","format":"standard","meta":{"footnotes":""},"categories":[1370],"tags":[],"class_list":["post-25052","post","type-post","status-publish","format-standard","has-post-thumbnail","hentry","category-jerez"],"_links":{"self":[{"href":"https:\/\/enconecte.com\/index.php?rest_route=\/wp\/v2\/posts\/25052","targetHints":{"allow":["GET"]}}],"collection":[{"href":"https:\/\/enconecte.com\/index.php?rest_route=\/wp\/v2\/posts"}],"about":[{"href":"https:\/\/enconecte.com\/index.php?rest_route=\/wp\/v2\/types\/post"}],"author":[{"embeddable":true,"href":"https:\/\/enconecte.com\/index.php?rest_route=\/wp\/v2\/users\/9"}],"replies":[{"embeddable":true,"href":"https:\/\/enconecte.com\/index.php?rest_route=%2Fwp%2Fv2%2Fcomments&post=25052"}],"version-history":[{"count":0,"href":"https:\/\/enconecte.com\/index.php?rest_route=\/wp\/v2\/posts\/25052\/revisions"}],"wp:featuredmedia":[{"embeddable":true,"href":"https:\/\/enconecte.com\/index.php?rest_route=\/wp\/v2\/media\/25053"}],"wp:attachment":[{"href":"https:\/\/enconecte.com\/index.php?rest_route=%2Fwp%2Fv2%2Fmedia&parent=25052"}],"wp:term":[{"taxonomy":"category","embeddable":true,"href":"https:\/\/enconecte.com\/index.php?rest_route=%2Fwp%2Fv2%2Fcategories&post=25052"},{"taxonomy":"post_tag","embeddable":true,"href":"https:\/\/enconecte.com\/index.php?rest_route=%2Fwp%2Fv2%2Ftags&post=25052"}],"curies":[{"name":"wp","href":"https:\/\/api.w.org\/{rel}","templated":true}]}}