{"id":25049,"date":"2025-05-21T12:41:42","date_gmt":"2025-05-21T18:41:42","guid":{"rendered":"https:\/\/enconecte.com\/?p=25049"},"modified":"2025-06-03T12:42:01","modified_gmt":"2025-06-03T18:42:01","slug":"avanza-reglamentacion-para-el-uso-responsable-de-la-alameda","status":"publish","type":"post","link":"https:\/\/enconecte.com\/?p=25049","title":{"rendered":"AVANZA REGLAMENTACI\u00d3N PARA EL USO RESPONSABLE DE LA ALAMEDA"},"content":{"rendered":"<p>Atendiendo las peticiones de vecinos, comerciantes y usuarios de la Alameda Francisco Garc\u00eda Salinas, el presidente municipal Rodrigo Ure\u00f1o solicit\u00f3 al secretario de Gobierno, Samuel Berumen de la Torre, a convocar una mesa de trabajo interinstitucional con el objetivo de crear un reglamento que regule el uso de este importante espacio p\u00fablico.<br \/>\nDurante la reuni\u00f3n, celebrada con la participaci\u00f3n de representantes de Obras y Servicios P\u00fablicos, Protecci\u00f3n Civil, Tesorer\u00eda, Plazas y Mercados, Parques y Jardines, Deporte, as\u00ed como regidores del H. Ayuntamiento, se plantearon las principales problem\u00e1ticas derivadas de la falta de normativas claras para el funcionamiento de la Alameda, considerada el principal pulm\u00f3n del municipio.<br \/>\nEl futuro reglamento buscar\u00e1 establecer lineamientos para el uso ordenado de las canchas deportivas, la red el\u00e9ctrica, los sanitarios, horarios y niveles permitidos de sonido, as\u00ed como el acceso vehicular y la implementaci\u00f3n de vigilancia, todo con el fin de preservar la seguridad, funcionalidad y armon\u00eda del espacio.<br \/>\nSamuel Berumen de la Torre destac\u00f3 la importancia de escuchar todas las voces involucradas: \u201cDebemos garantizar que este espacio p\u00fablico sea digno, cuidado y seguro para todos. Una vez que el reglamento est\u00e9 listo, ser\u00e1 socializado para que la ciudadan\u00eda lo conozca y participe en\u00a0su\u00a0aplicaci\u00f3n\u201d.<\/p>\n<p><a  href=\"https:\/\/enconecte.com\/wp-content\/uploads\/2025\/06\/Imagen-de-WhatsApp-2025-05-21-a-las-14.33.02_c93dfc04.jpg\" data-rel=\"lightbox-gallery-0\" data-rl_title=\"\" data-rl_caption=\"\" title=\"\"><img loading=\"lazy\" decoding=\"async\" class=\"alignnone size-full wp-image-25051\" src=\"https:\/\/enconecte.com\/wp-content\/uploads\/2025\/06\/Imagen-de-WhatsApp-2025-05-21-a-las-14.33.02_c93dfc04.jpg\" alt=\"\" width=\"1600\" height=\"1066\" srcset=\"https:\/\/enconecte.com\/wp-content\/uploads\/2025\/06\/Imagen-de-WhatsApp-2025-05-21-a-las-14.33.02_c93dfc04.jpg 1600w, https:\/\/enconecte.com\/wp-content\/uploads\/2025\/06\/Imagen-de-WhatsApp-2025-05-21-a-las-14.33.02_c93dfc04-300x200.jpg 300w, https:\/\/enconecte.com\/wp-content\/uploads\/2025\/06\/Imagen-de-WhatsApp-2025-05-21-a-las-14.33.02_c93dfc04-1024x682.jpg 1024w, https:\/\/enconecte.com\/wp-content\/uploads\/2025\/06\/Imagen-de-WhatsApp-2025-05-21-a-las-14.33.02_c93dfc04-768x512.jpg 768w, https:\/\/enconecte.com\/wp-content\/uploads\/2025\/06\/Imagen-de-WhatsApp-2025-05-21-a-las-14.33.02_c93dfc04-1536x1023.jpg 1536w\" sizes=\"auto, (max-width: 1600px) 100vw, 1600px\" \/><\/a><\/p>\n","protected":false},"excerpt":{"rendered":"<p>Atendiendo las peticiones de vecinos, comerciantes y usuarios de la Alameda Francisco Garc\u00eda Salinas, el presidente municipal Rodrigo Ure\u00f1o solicit\u00f3 al secretario de Gobierno, Samuel Berumen de la Torre, a convocar una mesa de trabajo interinstitucional con el objetivo de crear un reglamento que regule el uso de este importante espacio p\u00fablico. Durante la reuni\u00f3n, [&hellip;]<\/p>\n","protected":false},"author":9,"featured_media":25050,"comment_status":"closed","ping_status":"closed","sticky":false,"template":"","format":"standard","meta":{"footnotes":""},"categories":[1370],"tags":[],"class_list":["post-25049","post","type-post","status-publish","format-standard","has-post-thumbnail","hentry","category-jerez"],"_links":{"self":[{"href":"https:\/\/enconecte.com\/index.php?rest_route=\/wp\/v2\/posts\/25049","targetHints":{"allow":["GET"]}}],"collection":[{"href":"https:\/\/enconecte.com\/index.php?rest_route=\/wp\/v2\/posts"}],"about":[{"href":"https:\/\/enconecte.com\/index.php?rest_route=\/wp\/v2\/types\/post"}],"author":[{"embeddable":true,"href":"https:\/\/enconecte.com\/index.php?rest_route=\/wp\/v2\/users\/9"}],"replies":[{"embeddable":true,"href":"https:\/\/enconecte.com\/index.php?rest_route=%2Fwp%2Fv2%2Fcomments&post=25049"}],"version-history":[{"count":0,"href":"https:\/\/enconecte.com\/index.php?rest_route=\/wp\/v2\/posts\/25049\/revisions"}],"wp:featuredmedia":[{"embeddable":true,"href":"https:\/\/enconecte.com\/index.php?rest_route=\/wp\/v2\/media\/25050"}],"wp:attachment":[{"href":"https:\/\/enconecte.com\/index.php?rest_route=%2Fwp%2Fv2%2Fmedia&parent=25049"}],"wp:term":[{"taxonomy":"category","embeddable":true,"href":"https:\/\/enconecte.com\/index.php?rest_route=%2Fwp%2Fv2%2Fcategories&post=25049"},{"taxonomy":"post_tag","embeddable":true,"href":"https:\/\/enconecte.com\/index.php?rest_route=%2Fwp%2Fv2%2Ftags&post=25049"}],"curies":[{"name":"wp","href":"https:\/\/api.w.org\/{rel}","templated":true}]}}