{"id":25041,"date":"2025-05-20T12:40:16","date_gmt":"2025-05-20T18:40:16","guid":{"rendered":"https:\/\/enconecte.com\/?p=25041"},"modified":"2025-06-03T12:40:33","modified_gmt":"2025-06-03T18:40:33","slug":"injjuve-brinda-herramientas-de-bienestar-a-los-jovenes","status":"publish","type":"post","link":"https:\/\/enconecte.com\/?p=25041","title":{"rendered":"INJJUVE BRINDA HERRAMIENTAS DE BIENESTAR A LOS J\u00d3VENES"},"content":{"rendered":"<p>El Gobierno Municipal, a trav\u00e9s del Instituto Jerezano de la Juventud (INJJUVE) en colaboraci\u00f3n con la Coordinaci\u00f3n de Educaci\u00f3n, lanz\u00f3 la Gira en Corto, una acci\u00f3n que lleva informaci\u00f3n, actividades y espacios de escucha a j\u00f3venes de distintas comunidades.<br \/>\nGira en Corto es parte de la estrategia Pa\u2019delante Joven, impulsada por el alcalde Rodrigo Ure\u00f1o, para descentralizar oportunidades y motivar a las juventudes en todo el municipio.<br \/>\nPor tal esta semana se visit\u00f3 la Ermita de los Correa, en su Preparatoria Estatal &#8216;Beatriz M\u00e1rquez Acosta&#8221;, donde se imparti\u00f3 una charla sobre autoestima que conect\u00f3 profundamente con los\u00a0estudiantes.<\/p>\n<p><a  href=\"https:\/\/enconecte.com\/wp-content\/uploads\/2025\/06\/Imagen-de-WhatsApp-2025-05-20-a-las-10.02.26_008b1020.jpg\" data-rel=\"lightbox-gallery-0\" data-rl_title=\"\" data-rl_caption=\"\" title=\"\"><img loading=\"lazy\" decoding=\"async\" class=\"alignnone size-full wp-image-25043\" src=\"https:\/\/enconecte.com\/wp-content\/uploads\/2025\/06\/Imagen-de-WhatsApp-2025-05-20-a-las-10.02.26_008b1020.jpg\" alt=\"\" width=\"1280\" height=\"960\" srcset=\"https:\/\/enconecte.com\/wp-content\/uploads\/2025\/06\/Imagen-de-WhatsApp-2025-05-20-a-las-10.02.26_008b1020.jpg 1280w, https:\/\/enconecte.com\/wp-content\/uploads\/2025\/06\/Imagen-de-WhatsApp-2025-05-20-a-las-10.02.26_008b1020-300x225.jpg 300w, https:\/\/enconecte.com\/wp-content\/uploads\/2025\/06\/Imagen-de-WhatsApp-2025-05-20-a-las-10.02.26_008b1020-1024x768.jpg 1024w, https:\/\/enconecte.com\/wp-content\/uploads\/2025\/06\/Imagen-de-WhatsApp-2025-05-20-a-las-10.02.26_008b1020-768x576.jpg 768w\" sizes=\"auto, (max-width: 1280px) 100vw, 1280px\" \/><\/a><\/p>\n","protected":false},"excerpt":{"rendered":"<p>El Gobierno Municipal, a trav\u00e9s del Instituto Jerezano de la Juventud (INJJUVE) en colaboraci\u00f3n con la Coordinaci\u00f3n de Educaci\u00f3n, lanz\u00f3 la Gira en Corto, una acci\u00f3n que lleva informaci\u00f3n, actividades y espacios de escucha a j\u00f3venes de distintas comunidades. Gira en Corto es parte de la estrategia Pa\u2019delante Joven, impulsada por el alcalde Rodrigo Ure\u00f1o, [&hellip;]<\/p>\n","protected":false},"author":9,"featured_media":25042,"comment_status":"closed","ping_status":"closed","sticky":false,"template":"","format":"standard","meta":{"footnotes":""},"categories":[1370],"tags":[],"class_list":["post-25041","post","type-post","status-publish","format-standard","has-post-thumbnail","hentry","category-jerez"],"_links":{"self":[{"href":"https:\/\/enconecte.com\/index.php?rest_route=\/wp\/v2\/posts\/25041","targetHints":{"allow":["GET"]}}],"collection":[{"href":"https:\/\/enconecte.com\/index.php?rest_route=\/wp\/v2\/posts"}],"about":[{"href":"https:\/\/enconecte.com\/index.php?rest_route=\/wp\/v2\/types\/post"}],"author":[{"embeddable":true,"href":"https:\/\/enconecte.com\/index.php?rest_route=\/wp\/v2\/users\/9"}],"replies":[{"embeddable":true,"href":"https:\/\/enconecte.com\/index.php?rest_route=%2Fwp%2Fv2%2Fcomments&post=25041"}],"version-history":[{"count":0,"href":"https:\/\/enconecte.com\/index.php?rest_route=\/wp\/v2\/posts\/25041\/revisions"}],"wp:featuredmedia":[{"embeddable":true,"href":"https:\/\/enconecte.com\/index.php?rest_route=\/wp\/v2\/media\/25042"}],"wp:attachment":[{"href":"https:\/\/enconecte.com\/index.php?rest_route=%2Fwp%2Fv2%2Fmedia&parent=25041"}],"wp:term":[{"taxonomy":"category","embeddable":true,"href":"https:\/\/enconecte.com\/index.php?rest_route=%2Fwp%2Fv2%2Fcategories&post=25041"},{"taxonomy":"post_tag","embeddable":true,"href":"https:\/\/enconecte.com\/index.php?rest_route=%2Fwp%2Fv2%2Ftags&post=25041"}],"curies":[{"name":"wp","href":"https:\/\/api.w.org\/{rel}","templated":true}]}}