{"id":25038,"date":"2025-05-19T12:39:23","date_gmt":"2025-05-19T18:39:23","guid":{"rendered":"https:\/\/enconecte.com\/?p=25038"},"modified":"2025-06-03T12:40:02","modified_gmt":"2025-06-03T18:40:02","slug":"rodrigo-ureno-participa-en-cabalgata-regional-de-la-pitaya","status":"publish","type":"post","link":"https:\/\/enconecte.com\/?p=25038","title":{"rendered":"RODRIGO URE\u00d1O PARTICIPA EN CABALGATA REGIONAL DE LA PITAYA"},"content":{"rendered":"<p>Rodrigo Ure\u00f1o asiste por invitaci\u00f3n del Presidente municipal del Jalpa, Olegario Viramontes a la primera Cabalgata Regional de la Pitaya, la cual reuni\u00f3 a m\u00e1s de 100 charros de distintos municipios.<br \/>\nEl evento cont\u00f3 tambi\u00e9n con la presencia del Presidente Municipal de Tepechitl\u00e1n, Adolfo Cortez, y la Presidenta Municipal de Huanusco, Julieta Camacho, en un ambiente de hermandad y celebraci\u00f3n de las tradiciones regionales.<br \/>\nDurante su visitas a esta celebraci\u00f3n, Rodrigo Ure\u00f1o junto a sus hom\u00f3logos destac\u00f3 la importancia del fortalecimiento de los lazos entre municipios de la regi\u00f3n, ya que estos hermanamientos enriquecen la cultura y los esfuerzos que se hacen d\u00eda con d\u00eda por el desarrollo econ\u00f3mico de nuestros\u00a0municipios.<\/p>\n<p><a  href=\"https:\/\/enconecte.com\/wp-content\/uploads\/2025\/06\/Imagen-de-WhatsApp-2025-05-19-a-las-11.04.41_59023f1e.jpg\" data-rel=\"lightbox-gallery-0\" data-rl_title=\"\" data-rl_caption=\"\" title=\"\"><img loading=\"lazy\" decoding=\"async\" class=\"alignnone size-full wp-image-25040\" src=\"https:\/\/enconecte.com\/wp-content\/uploads\/2025\/06\/Imagen-de-WhatsApp-2025-05-19-a-las-11.04.41_59023f1e.jpg\" alt=\"\" width=\"1280\" height=\"853\" srcset=\"https:\/\/enconecte.com\/wp-content\/uploads\/2025\/06\/Imagen-de-WhatsApp-2025-05-19-a-las-11.04.41_59023f1e.jpg 1280w, https:\/\/enconecte.com\/wp-content\/uploads\/2025\/06\/Imagen-de-WhatsApp-2025-05-19-a-las-11.04.41_59023f1e-300x200.jpg 300w, https:\/\/enconecte.com\/wp-content\/uploads\/2025\/06\/Imagen-de-WhatsApp-2025-05-19-a-las-11.04.41_59023f1e-1024x682.jpg 1024w, https:\/\/enconecte.com\/wp-content\/uploads\/2025\/06\/Imagen-de-WhatsApp-2025-05-19-a-las-11.04.41_59023f1e-768x512.jpg 768w\" sizes=\"auto, (max-width: 1280px) 100vw, 1280px\" \/><\/a><\/p>\n","protected":false},"excerpt":{"rendered":"<p>Rodrigo Ure\u00f1o asiste por invitaci\u00f3n del Presidente municipal del Jalpa, Olegario Viramontes a la primera Cabalgata Regional de la Pitaya, la cual reuni\u00f3 a m\u00e1s de 100 charros de distintos municipios. El evento cont\u00f3 tambi\u00e9n con la presencia del Presidente Municipal de Tepechitl\u00e1n, Adolfo Cortez, y la Presidenta Municipal de Huanusco, Julieta Camacho, en un [&hellip;]<\/p>\n","protected":false},"author":9,"featured_media":25039,"comment_status":"closed","ping_status":"closed","sticky":false,"template":"","format":"standard","meta":{"footnotes":""},"categories":[1370],"tags":[],"class_list":["post-25038","post","type-post","status-publish","format-standard","has-post-thumbnail","hentry","category-jerez"],"_links":{"self":[{"href":"https:\/\/enconecte.com\/index.php?rest_route=\/wp\/v2\/posts\/25038","targetHints":{"allow":["GET"]}}],"collection":[{"href":"https:\/\/enconecte.com\/index.php?rest_route=\/wp\/v2\/posts"}],"about":[{"href":"https:\/\/enconecte.com\/index.php?rest_route=\/wp\/v2\/types\/post"}],"author":[{"embeddable":true,"href":"https:\/\/enconecte.com\/index.php?rest_route=\/wp\/v2\/users\/9"}],"replies":[{"embeddable":true,"href":"https:\/\/enconecte.com\/index.php?rest_route=%2Fwp%2Fv2%2Fcomments&post=25038"}],"version-history":[{"count":0,"href":"https:\/\/enconecte.com\/index.php?rest_route=\/wp\/v2\/posts\/25038\/revisions"}],"wp:featuredmedia":[{"embeddable":true,"href":"https:\/\/enconecte.com\/index.php?rest_route=\/wp\/v2\/media\/25039"}],"wp:attachment":[{"href":"https:\/\/enconecte.com\/index.php?rest_route=%2Fwp%2Fv2%2Fmedia&parent=25038"}],"wp:term":[{"taxonomy":"category","embeddable":true,"href":"https:\/\/enconecte.com\/index.php?rest_route=%2Fwp%2Fv2%2Fcategories&post=25038"},{"taxonomy":"post_tag","embeddable":true,"href":"https:\/\/enconecte.com\/index.php?rest_route=%2Fwp%2Fv2%2Ftags&post=25038"}],"curies":[{"name":"wp","href":"https:\/\/api.w.org\/{rel}","templated":true}]}}