{"id":25019,"date":"2025-05-13T23:22:35","date_gmt":"2025-05-14T05:22:35","guid":{"rendered":"https:\/\/enconecte.com\/?p=25019"},"modified":"2025-05-14T23:23:09","modified_gmt":"2025-05-15T05:23:09","slug":"presenta-injjuve-actividades-por-el-dia-del-estudiante-y-lanza-el-movimiento-pa-delante-joven","status":"publish","type":"post","link":"https:\/\/enconecte.com\/?p=25019","title":{"rendered":"PRESENTA INJJUVE ACTIVIDADES POR EL D\u00cdA DEL ESTUDIANTE Y LANZA EL MOVIMIENTO \u00a1PA\u2019 DELANTE JOVEN!"},"content":{"rendered":"<p>El Gobierno Municipal, a trav\u00e9s del Instituto Jerezano de la Juventud (INJJUVE), present\u00f3 las actividades conmemorativas por el D\u00eda del Estudiante, junto con el lanzamiento oficial del nuevo movimiento \u00a1Pa\u2019 Delante Joven!, que renovar\u00e1 la imagen del Instituto e impulsar\u00e1 el desarrollo y emprendimiento juvenil en el municipio.<br \/>\nEn rueda de prensa, autoridades como David Ju\u00e1rez, director de Desarrollo Econ\u00f3mico y Social; Elizabeth Murillo, subdirectora de Desarrollo Social; el regidor Hebert Herrera; y Omar D\u00e1vila, director del INJJUVE, resaltaron que estas acciones abren espacios activos y representativos para las y los j\u00f3venes jerezanos, en cumplimiento con la visi\u00f3n del alcalde Rodrigo Ure\u00f1o de respaldar sus derechos e intereses.<br \/>\nEl programa se desarrollar\u00e1 del 21 al 25 de mayo e incluir\u00e1 activaciones deportivas, bazares juveniles, mesas de orientaci\u00f3n psicol\u00f3gica en escuelas y la conferencia magistral \u201cTu cartera, tus reglas\u201d, a cargo de la especialista en finanzas personales Paulina Anguiano.<br \/>\nEl movimiento \u00a1Pa\u2019 Delante Joven! busca acercar el INJJUVE a las juventudes mediante actividades permanentes que fortalezcan su bienestar, integrando esfuerzos de sectores como el educativo, deportivo, empresarial\u00a0y\u00a0art\u00edstico.<\/p>\n<p><a  href=\"https:\/\/enconecte.com\/wp-content\/uploads\/2025\/05\/Imagen-de-WhatsApp-2025-05-13-a-las-14.40.02_7b29af3b.jpg\" data-rel=\"lightbox-gallery-0\" data-rl_title=\"\" data-rl_caption=\"\" title=\"\"><img loading=\"lazy\" decoding=\"async\" class=\"alignnone size-full wp-image-25021\" src=\"https:\/\/enconecte.com\/wp-content\/uploads\/2025\/05\/Imagen-de-WhatsApp-2025-05-13-a-las-14.40.02_7b29af3b.jpg\" alt=\"\" width=\"1600\" height=\"1066\" srcset=\"https:\/\/enconecte.com\/wp-content\/uploads\/2025\/05\/Imagen-de-WhatsApp-2025-05-13-a-las-14.40.02_7b29af3b.jpg 1600w, https:\/\/enconecte.com\/wp-content\/uploads\/2025\/05\/Imagen-de-WhatsApp-2025-05-13-a-las-14.40.02_7b29af3b-300x200.jpg 300w, https:\/\/enconecte.com\/wp-content\/uploads\/2025\/05\/Imagen-de-WhatsApp-2025-05-13-a-las-14.40.02_7b29af3b-1024x682.jpg 1024w, https:\/\/enconecte.com\/wp-content\/uploads\/2025\/05\/Imagen-de-WhatsApp-2025-05-13-a-las-14.40.02_7b29af3b-768x512.jpg 768w, https:\/\/enconecte.com\/wp-content\/uploads\/2025\/05\/Imagen-de-WhatsApp-2025-05-13-a-las-14.40.02_7b29af3b-1536x1023.jpg 1536w\" sizes=\"auto, (max-width: 1600px) 100vw, 1600px\" \/><\/a><\/p>\n","protected":false},"excerpt":{"rendered":"<p>El Gobierno Municipal, a trav\u00e9s del Instituto Jerezano de la Juventud (INJJUVE), present\u00f3 las actividades conmemorativas por el D\u00eda del Estudiante, junto con el lanzamiento oficial del nuevo movimiento \u00a1Pa\u2019 Delante Joven!, que renovar\u00e1 la imagen del Instituto e impulsar\u00e1 el desarrollo y emprendimiento juvenil en el municipio. En rueda de prensa, autoridades como David [&hellip;]<\/p>\n","protected":false},"author":9,"featured_media":25020,"comment_status":"closed","ping_status":"closed","sticky":false,"template":"","format":"standard","meta":{"footnotes":""},"categories":[1370],"tags":[],"class_list":["post-25019","post","type-post","status-publish","format-standard","has-post-thumbnail","hentry","category-jerez"],"_links":{"self":[{"href":"https:\/\/enconecte.com\/index.php?rest_route=\/wp\/v2\/posts\/25019","targetHints":{"allow":["GET"]}}],"collection":[{"href":"https:\/\/enconecte.com\/index.php?rest_route=\/wp\/v2\/posts"}],"about":[{"href":"https:\/\/enconecte.com\/index.php?rest_route=\/wp\/v2\/types\/post"}],"author":[{"embeddable":true,"href":"https:\/\/enconecte.com\/index.php?rest_route=\/wp\/v2\/users\/9"}],"replies":[{"embeddable":true,"href":"https:\/\/enconecte.com\/index.php?rest_route=%2Fwp%2Fv2%2Fcomments&post=25019"}],"version-history":[{"count":0,"href":"https:\/\/enconecte.com\/index.php?rest_route=\/wp\/v2\/posts\/25019\/revisions"}],"wp:featuredmedia":[{"embeddable":true,"href":"https:\/\/enconecte.com\/index.php?rest_route=\/wp\/v2\/media\/25020"}],"wp:attachment":[{"href":"https:\/\/enconecte.com\/index.php?rest_route=%2Fwp%2Fv2%2Fmedia&parent=25019"}],"wp:term":[{"taxonomy":"category","embeddable":true,"href":"https:\/\/enconecte.com\/index.php?rest_route=%2Fwp%2Fv2%2Fcategories&post=25019"},{"taxonomy":"post_tag","embeddable":true,"href":"https:\/\/enconecte.com\/index.php?rest_route=%2Fwp%2Fv2%2Ftags&post=25019"}],"curies":[{"name":"wp","href":"https:\/\/api.w.org\/{rel}","templated":true}]}}