{"id":25016,"date":"2025-05-12T23:21:49","date_gmt":"2025-05-13T05:21:49","guid":{"rendered":"https:\/\/enconecte.com\/?p=25016"},"modified":"2025-05-14T23:22:20","modified_gmt":"2025-05-15T05:22:20","slug":"jerez-participa-en-la-instalacion-de-consejos-municipales-de-desarrollo-urbano-y-ordenamiento-territorial","status":"publish","type":"post","link":"https:\/\/enconecte.com\/?p=25016","title":{"rendered":"JEREZ PARTICIPA EN LA INSTALACI\u00d3N DE CONSEJOS MUNICIPALES DE DESARROLLO URBANO Y ORDENAMIENTO TERRITORIAL"},"content":{"rendered":"<p>El presidente municipal de Jerez, Rodrigo Ure\u00f1o, acompa\u00f1ado por las y los integrantes de su gabinete, particip\u00f3 en la instalaci\u00f3n y toma de protesta de los Consejos Municipales de Desarrollo Urbano y Ordenamiento Territorial, un acto clave para fortalecer la planeaci\u00f3n y proyecci\u00f3n de los municipios zacatecanos.<br \/>\nEn representaci\u00f3n del Gobernador David Monreal \u00c1vila, la secretaria de Desarrollo Urbano, Vivienda y Ordenamiento Territorial (SEDUVOT), Luz Eugenia P\u00e9rez Haro, expres\u00f3 que estos \u00f3rganos colegiados permitir\u00e1n avanzar en una visi\u00f3n integral del crecimiento urbano, basada en la legalidad, sustentabilidad y participaci\u00f3n ciudadana.<br \/>\nDurante el evento, realizado con la presencia de alcaldes y representantes de Calera, Genaro Codina, Huanusco, Jalpa, Jim\u00e9nez del Teul, Loreto, Miguel Auza, Sombrerete, Valpara\u00edso y Trancoso, se destac\u00f3 la importancia de estos consejos como instancias que buscan fomentar un desarrollo equilibrado y sostenible.<br \/>\nComo parte del proceso de integraci\u00f3n, las y los integrantes del Consejo recibieron una capacitaci\u00f3n especializada en temas relacionados con el desarrollo urbano, derecho a la vivienda y ordenamiento territorial, con el prop\u00f3sito de brindarles las herramientas necesarias para el desempe\u00f1o de sus funciones.<br \/>\nEl alcalde Rodrigo Ure\u00f1o declar\u00f3 que \u201cJerez reafirma su compromiso con una planificaci\u00f3n responsable, en coordinaci\u00f3n con el gobierno estatal y los municipios hermanos\u00a0de\u00a0Zacatecas\u201d.<\/p>\n<p><a  href=\"https:\/\/enconecte.com\/wp-content\/uploads\/2025\/05\/Imagen-de-WhatsApp-2025-05-12-a-las-16.54.23_cd25f1a0.jpg\" data-rel=\"lightbox-gallery-0\" data-rl_title=\"\" data-rl_caption=\"\" title=\"\"><img loading=\"lazy\" decoding=\"async\" class=\"alignnone size-full wp-image-25018\" src=\"https:\/\/enconecte.com\/wp-content\/uploads\/2025\/05\/Imagen-de-WhatsApp-2025-05-12-a-las-16.54.23_cd25f1a0.jpg\" alt=\"\" width=\"1600\" height=\"1066\" srcset=\"https:\/\/enconecte.com\/wp-content\/uploads\/2025\/05\/Imagen-de-WhatsApp-2025-05-12-a-las-16.54.23_cd25f1a0.jpg 1600w, https:\/\/enconecte.com\/wp-content\/uploads\/2025\/05\/Imagen-de-WhatsApp-2025-05-12-a-las-16.54.23_cd25f1a0-300x200.jpg 300w, https:\/\/enconecte.com\/wp-content\/uploads\/2025\/05\/Imagen-de-WhatsApp-2025-05-12-a-las-16.54.23_cd25f1a0-1024x682.jpg 1024w, https:\/\/enconecte.com\/wp-content\/uploads\/2025\/05\/Imagen-de-WhatsApp-2025-05-12-a-las-16.54.23_cd25f1a0-768x512.jpg 768w, https:\/\/enconecte.com\/wp-content\/uploads\/2025\/05\/Imagen-de-WhatsApp-2025-05-12-a-las-16.54.23_cd25f1a0-1536x1023.jpg 1536w\" sizes=\"auto, (max-width: 1600px) 100vw, 1600px\" \/><\/a><\/p>\n","protected":false},"excerpt":{"rendered":"<p>El presidente municipal de Jerez, Rodrigo Ure\u00f1o, acompa\u00f1ado por las y los integrantes de su gabinete, particip\u00f3 en la instalaci\u00f3n y toma de protesta de los Consejos Municipales de Desarrollo Urbano y Ordenamiento Territorial, un acto clave para fortalecer la planeaci\u00f3n y proyecci\u00f3n de los municipios zacatecanos. En representaci\u00f3n del Gobernador David Monreal \u00c1vila, la [&hellip;]<\/p>\n","protected":false},"author":9,"featured_media":25017,"comment_status":"closed","ping_status":"closed","sticky":false,"template":"","format":"standard","meta":{"footnotes":""},"categories":[1370],"tags":[],"class_list":["post-25016","post","type-post","status-publish","format-standard","has-post-thumbnail","hentry","category-jerez"],"_links":{"self":[{"href":"https:\/\/enconecte.com\/index.php?rest_route=\/wp\/v2\/posts\/25016","targetHints":{"allow":["GET"]}}],"collection":[{"href":"https:\/\/enconecte.com\/index.php?rest_route=\/wp\/v2\/posts"}],"about":[{"href":"https:\/\/enconecte.com\/index.php?rest_route=\/wp\/v2\/types\/post"}],"author":[{"embeddable":true,"href":"https:\/\/enconecte.com\/index.php?rest_route=\/wp\/v2\/users\/9"}],"replies":[{"embeddable":true,"href":"https:\/\/enconecte.com\/index.php?rest_route=%2Fwp%2Fv2%2Fcomments&post=25016"}],"version-history":[{"count":0,"href":"https:\/\/enconecte.com\/index.php?rest_route=\/wp\/v2\/posts\/25016\/revisions"}],"wp:featuredmedia":[{"embeddable":true,"href":"https:\/\/enconecte.com\/index.php?rest_route=\/wp\/v2\/media\/25017"}],"wp:attachment":[{"href":"https:\/\/enconecte.com\/index.php?rest_route=%2Fwp%2Fv2%2Fmedia&parent=25016"}],"wp:term":[{"taxonomy":"category","embeddable":true,"href":"https:\/\/enconecte.com\/index.php?rest_route=%2Fwp%2Fv2%2Fcategories&post=25016"},{"taxonomy":"post_tag","embeddable":true,"href":"https:\/\/enconecte.com\/index.php?rest_route=%2Fwp%2Fv2%2Ftags&post=25016"}],"curies":[{"name":"wp","href":"https:\/\/api.w.org\/{rel}","templated":true}]}}