{"id":25004,"date":"2025-05-08T23:18:54","date_gmt":"2025-05-09T05:18:54","guid":{"rendered":"https:\/\/enconecte.com\/?p=25004"},"modified":"2025-05-14T23:19:12","modified_gmt":"2025-05-15T05:19:12","slug":"dif-jerez-y-gobierno-estatal-entregan-paquetes-de-apoyo-a-personas-con-discapacidad","status":"publish","type":"post","link":"https:\/\/enconecte.com\/?p=25004","title":{"rendered":"DIF JEREZ Y GOBIERNO ESTATAL ENTREGAN PAQUETES DE APOYO A PERSONAS CON DISCAPACIDAD"},"content":{"rendered":"<p>La presidenta honor\u00edfica del DIF Municipal, Estefana Casas Gonz\u00e1lez, en coordinaci\u00f3n con el Instituto para la Atenci\u00f3n e Inclusi\u00f3n de las Personas con Discapacidad del Estado de Zacatecas, encabezado por Miriam Garc\u00eda Zamora, llev\u00f3 a cabo la entrega de kits de pa\u00f1ales a personas beneficiarias de Jerez y Tepechitl\u00e1n.<br \/>\nCasas Gonz\u00e1lez agradeci\u00f3 al Instituto por la atenci\u00f3n oportuna a las solicitudes realizadas por el DIF Jerez en beneficio de los sectores prioritarios del municipio, y reiter\u00f3 su compromiso, as\u00ed como el del alcalde Rodrigo Ure\u00f1o Ba\u00f1uelos, de continuar trabajando en equipo por quienes m\u00e1s lo necesitan.<br \/>\nPor su parte, Garc\u00eda Zamora reconoci\u00f3 que el actual Ayuntamiento de Jerez se ha distinguido por su labor a favor de las personas con discapacidad, motivo por el cual las gestiones realizadas ante el Gobierno Estatal en este rubro han sido escuchadas y atendidas con prontitud.<br \/>\nEn este contexto, se entregaron kits a 24 beneficiarios, que incluyeron 80 pa\u00f1ales, toallitas h\u00famedas y una despensa, en compa\u00f1\u00eda de la directora del DIF Municipal, Martha Alamillo; la titular de la Jefatura de Atenci\u00f3n a la Discapacidad e Inclusi\u00f3n del Sistema, Roc\u00edo Ibarra; el enlace en Jerez del Instituto Estatal, Ricardo de Luna; y la directora del DIF Tepechitl\u00e1n,\u00a0Nora\u00a0Haro.<\/p>\n<p><a  href=\"https:\/\/enconecte.com\/wp-content\/uploads\/2025\/05\/Imagen-de-WhatsApp-2025-05-08-a-las-14.44.30_00f64254.jpg\" data-rel=\"lightbox-gallery-0\" data-rl_title=\"\" data-rl_caption=\"\" title=\"\"><img loading=\"lazy\" decoding=\"async\" class=\"alignnone size-full wp-image-25006\" src=\"https:\/\/enconecte.com\/wp-content\/uploads\/2025\/05\/Imagen-de-WhatsApp-2025-05-08-a-las-14.44.30_00f64254.jpg\" alt=\"\" width=\"1600\" height=\"1066\" srcset=\"https:\/\/enconecte.com\/wp-content\/uploads\/2025\/05\/Imagen-de-WhatsApp-2025-05-08-a-las-14.44.30_00f64254.jpg 1600w, https:\/\/enconecte.com\/wp-content\/uploads\/2025\/05\/Imagen-de-WhatsApp-2025-05-08-a-las-14.44.30_00f64254-300x200.jpg 300w, https:\/\/enconecte.com\/wp-content\/uploads\/2025\/05\/Imagen-de-WhatsApp-2025-05-08-a-las-14.44.30_00f64254-1024x682.jpg 1024w, https:\/\/enconecte.com\/wp-content\/uploads\/2025\/05\/Imagen-de-WhatsApp-2025-05-08-a-las-14.44.30_00f64254-768x512.jpg 768w, https:\/\/enconecte.com\/wp-content\/uploads\/2025\/05\/Imagen-de-WhatsApp-2025-05-08-a-las-14.44.30_00f64254-1536x1023.jpg 1536w\" sizes=\"auto, (max-width: 1600px) 100vw, 1600px\" \/><\/a><\/p>\n","protected":false},"excerpt":{"rendered":"<p>La presidenta honor\u00edfica del DIF Municipal, Estefana Casas Gonz\u00e1lez, en coordinaci\u00f3n con el Instituto para la Atenci\u00f3n e Inclusi\u00f3n de las Personas con Discapacidad del Estado de Zacatecas, encabezado por Miriam Garc\u00eda Zamora, llev\u00f3 a cabo la entrega de kits de pa\u00f1ales a personas beneficiarias de Jerez y Tepechitl\u00e1n. Casas Gonz\u00e1lez agradeci\u00f3 al Instituto por [&hellip;]<\/p>\n","protected":false},"author":9,"featured_media":25005,"comment_status":"closed","ping_status":"closed","sticky":false,"template":"","format":"standard","meta":{"footnotes":""},"categories":[1370],"tags":[],"class_list":["post-25004","post","type-post","status-publish","format-standard","has-post-thumbnail","hentry","category-jerez"],"_links":{"self":[{"href":"https:\/\/enconecte.com\/index.php?rest_route=\/wp\/v2\/posts\/25004","targetHints":{"allow":["GET"]}}],"collection":[{"href":"https:\/\/enconecte.com\/index.php?rest_route=\/wp\/v2\/posts"}],"about":[{"href":"https:\/\/enconecte.com\/index.php?rest_route=\/wp\/v2\/types\/post"}],"author":[{"embeddable":true,"href":"https:\/\/enconecte.com\/index.php?rest_route=\/wp\/v2\/users\/9"}],"replies":[{"embeddable":true,"href":"https:\/\/enconecte.com\/index.php?rest_route=%2Fwp%2Fv2%2Fcomments&post=25004"}],"version-history":[{"count":0,"href":"https:\/\/enconecte.com\/index.php?rest_route=\/wp\/v2\/posts\/25004\/revisions"}],"wp:featuredmedia":[{"embeddable":true,"href":"https:\/\/enconecte.com\/index.php?rest_route=\/wp\/v2\/media\/25005"}],"wp:attachment":[{"href":"https:\/\/enconecte.com\/index.php?rest_route=%2Fwp%2Fv2%2Fmedia&parent=25004"}],"wp:term":[{"taxonomy":"category","embeddable":true,"href":"https:\/\/enconecte.com\/index.php?rest_route=%2Fwp%2Fv2%2Fcategories&post=25004"},{"taxonomy":"post_tag","embeddable":true,"href":"https:\/\/enconecte.com\/index.php?rest_route=%2Fwp%2Fv2%2Ftags&post=25004"}],"curies":[{"name":"wp","href":"https:\/\/api.w.org\/{rel}","templated":true}]}}