{"id":25001,"date":"2025-05-08T23:18:22","date_gmt":"2025-05-09T05:18:22","guid":{"rendered":"https:\/\/enconecte.com\/?p=25001"},"modified":"2025-05-14T23:18:42","modified_gmt":"2025-05-15T05:18:42","slug":"limpian-panteones-de-jerez-previo-al-dia-de-las-madres","status":"publish","type":"post","link":"https:\/\/enconecte.com\/?p=25001","title":{"rendered":"LIMPIAN PANTEONES DE JEREZ PREVIO AL D\u00cdA DE LAS MADRES"},"content":{"rendered":"<p>Como parte de los preparativos para el D\u00eda de las Madres, el Gobierno Municipal de Jerez, encabezado por Rodrigo Ure\u00f1o Ba\u00f1uelos, lleva a cabo labores de limpieza en los panteones del municipio, con el objetivo de ofrecer espacios seguros y dignos para rendir homenaje a las madres que ya no est\u00e1n con nosotros.<br \/>\nA trav\u00e9s de la Subdirecci\u00f3n de Servicios P\u00fablicos, cuadrillas de los Departamentos de Parques y Jardines, as\u00ed como de Panteones, realizaron trabajos de mantenimiento que incluyeron la remoci\u00f3n de escombros, flores secas, coronas, maleza, vasos de veladoras y otros residuos acumulados en los andadores de los camposantos.<br \/>\nLas acciones de limpieza se realizaron en los panteones El Calvario, La Soledad, Inmaculada Concepci\u00f3n, Dolores y \u00c1ngeles Eternos, en preparaci\u00f3n para la significativa afluencia de visitantes que se espera este pr\u00f3ximo s\u00e1bado\u00a010\u00a0de\u00a0mayo.<\/p>\n<p><a  href=\"https:\/\/enconecte.com\/wp-content\/uploads\/2025\/05\/Imagen-de-WhatsApp-2025-05-08-a-las-13.09.29_6996d030.jpg\" data-rel=\"lightbox-gallery-0\" data-rl_title=\"\" data-rl_caption=\"\" title=\"\"><img loading=\"lazy\" decoding=\"async\" class=\"alignnone size-full wp-image-25003\" src=\"https:\/\/enconecte.com\/wp-content\/uploads\/2025\/05\/Imagen-de-WhatsApp-2025-05-08-a-las-13.09.29_6996d030.jpg\" alt=\"\" width=\"1600\" height=\"1066\" srcset=\"https:\/\/enconecte.com\/wp-content\/uploads\/2025\/05\/Imagen-de-WhatsApp-2025-05-08-a-las-13.09.29_6996d030.jpg 1600w, https:\/\/enconecte.com\/wp-content\/uploads\/2025\/05\/Imagen-de-WhatsApp-2025-05-08-a-las-13.09.29_6996d030-300x200.jpg 300w, https:\/\/enconecte.com\/wp-content\/uploads\/2025\/05\/Imagen-de-WhatsApp-2025-05-08-a-las-13.09.29_6996d030-1024x682.jpg 1024w, https:\/\/enconecte.com\/wp-content\/uploads\/2025\/05\/Imagen-de-WhatsApp-2025-05-08-a-las-13.09.29_6996d030-768x512.jpg 768w, https:\/\/enconecte.com\/wp-content\/uploads\/2025\/05\/Imagen-de-WhatsApp-2025-05-08-a-las-13.09.29_6996d030-1536x1023.jpg 1536w\" sizes=\"auto, (max-width: 1600px) 100vw, 1600px\" \/><\/a><\/p>\n","protected":false},"excerpt":{"rendered":"<p>Como parte de los preparativos para el D\u00eda de las Madres, el Gobierno Municipal de Jerez, encabezado por Rodrigo Ure\u00f1o Ba\u00f1uelos, lleva a cabo labores de limpieza en los panteones del municipio, con el objetivo de ofrecer espacios seguros y dignos para rendir homenaje a las madres que ya no est\u00e1n con nosotros. A trav\u00e9s [&hellip;]<\/p>\n","protected":false},"author":9,"featured_media":25002,"comment_status":"closed","ping_status":"closed","sticky":false,"template":"","format":"standard","meta":{"footnotes":""},"categories":[1370],"tags":[],"class_list":["post-25001","post","type-post","status-publish","format-standard","has-post-thumbnail","hentry","category-jerez"],"_links":{"self":[{"href":"https:\/\/enconecte.com\/index.php?rest_route=\/wp\/v2\/posts\/25001","targetHints":{"allow":["GET"]}}],"collection":[{"href":"https:\/\/enconecte.com\/index.php?rest_route=\/wp\/v2\/posts"}],"about":[{"href":"https:\/\/enconecte.com\/index.php?rest_route=\/wp\/v2\/types\/post"}],"author":[{"embeddable":true,"href":"https:\/\/enconecte.com\/index.php?rest_route=\/wp\/v2\/users\/9"}],"replies":[{"embeddable":true,"href":"https:\/\/enconecte.com\/index.php?rest_route=%2Fwp%2Fv2%2Fcomments&post=25001"}],"version-history":[{"count":0,"href":"https:\/\/enconecte.com\/index.php?rest_route=\/wp\/v2\/posts\/25001\/revisions"}],"wp:featuredmedia":[{"embeddable":true,"href":"https:\/\/enconecte.com\/index.php?rest_route=\/wp\/v2\/media\/25002"}],"wp:attachment":[{"href":"https:\/\/enconecte.com\/index.php?rest_route=%2Fwp%2Fv2%2Fmedia&parent=25001"}],"wp:term":[{"taxonomy":"category","embeddable":true,"href":"https:\/\/enconecte.com\/index.php?rest_route=%2Fwp%2Fv2%2Fcategories&post=25001"},{"taxonomy":"post_tag","embeddable":true,"href":"https:\/\/enconecte.com\/index.php?rest_route=%2Fwp%2Fv2%2Ftags&post=25001"}],"curies":[{"name":"wp","href":"https:\/\/api.w.org\/{rel}","templated":true}]}}