{"id":24983,"date":"2025-05-06T23:13:23","date_gmt":"2025-05-07T05:13:23","guid":{"rendered":"https:\/\/enconecte.com\/?p=24983"},"modified":"2025-05-14T23:13:44","modified_gmt":"2025-05-15T05:13:44","slug":"realizan-frappe-literario-en-jomulquillo-para-honrar-el-legado-del-poeta-campesino-maximo-perez-torres","status":"publish","type":"post","link":"https:\/\/enconecte.com\/?p=24983","title":{"rendered":"REALIZAN \u201cFRAPP\u00c9 LITERARIO\u201d EN JOMULQUILLO PARA HONRAR EL LEGADO DEL POETA CAMPESINO M\u00c1XIMO P\u00c9REZ TORRES"},"content":{"rendered":"<p>En el marco del aniversario del natalicio del poeta campesino M\u00e1ximo P\u00e9rez Torres, el Gobierno Municipal de Jerez, encabezado por el alcalde Rodrigo Ure\u00f1o, llev\u00f3 a cabo el evento \u201cFrapp\u00e9 Literario\u201d en la Primaria M\u00e1ximo P\u00e9rez Torres, ubicada en la comunidad de Jomulquillo.<br \/>\nLa actividad estuvo dirigida a ni\u00f1as y ni\u00f1os de la instituci\u00f3n, quienes participaron en din\u00e1micas interactivas que incluyeron lecturas en voz alta, presentaciones musicales y la degustaci\u00f3n de frapp\u00e9s. El objetivo fue acercar a los estudiantes a la vida y obra del ilustre poeta, quien a trav\u00e9s de sus versos retrat\u00f3 la vida en el campo jerezano.<br \/>\nElizabeth Murillo, subdirectora de Desarrollo Social, agradeci\u00f3 por su apoyo a la directora de la primaria, Mar\u00eda Eugenia Trujillo Luj\u00e1n, y destac\u00f3 la importancia del legado de P\u00e9rez Torres y reafirm\u00f3 el compromiso del alcalde Ure\u00f1o con la difusi\u00f3n del arte y la cultura local en las comunidades. \u201cEs fundamental que nuestros ni\u00f1os y ni\u00f1as conozcan a los creadores que nacieron de esta tierra, que sepan que la creatividad puede florecer desde cualquier rinc\u00f3n, como lo hizo el \u2018Ruise\u00f1or del campo\u2019\u201d, expres\u00f3.<br \/>\nDurante el evento, se record\u00f3 que los padres de M\u00e1ximo P\u00e9rez Torres eran originarios de la comunidad de Jomulquillo, lo cual gener\u00f3 un fuerte sentido de identidad y pertenencia entre los asistentes. El homenaje se vivi\u00f3 con entusiasmo por parte del cuerpo docente, directivos y estudiantes, quienes celebraron la iniciativa como un puente entre las nuevas generaciones y el legado cultural\u00a0del\u00a0municipio.<\/p>\n<p><a  href=\"https:\/\/enconecte.com\/wp-content\/uploads\/2025\/05\/Imagen-de-WhatsApp-2025-05-06-a-las-14.56.04_d2aced98.jpg\" data-rel=\"lightbox-gallery-0\" data-rl_title=\"\" data-rl_caption=\"\" title=\"\"><img loading=\"lazy\" decoding=\"async\" class=\"alignnone size-full wp-image-24985\" src=\"https:\/\/enconecte.com\/wp-content\/uploads\/2025\/05\/Imagen-de-WhatsApp-2025-05-06-a-las-14.56.04_d2aced98.jpg\" alt=\"\" width=\"1600\" height=\"1066\" srcset=\"https:\/\/enconecte.com\/wp-content\/uploads\/2025\/05\/Imagen-de-WhatsApp-2025-05-06-a-las-14.56.04_d2aced98.jpg 1600w, https:\/\/enconecte.com\/wp-content\/uploads\/2025\/05\/Imagen-de-WhatsApp-2025-05-06-a-las-14.56.04_d2aced98-300x200.jpg 300w, https:\/\/enconecte.com\/wp-content\/uploads\/2025\/05\/Imagen-de-WhatsApp-2025-05-06-a-las-14.56.04_d2aced98-1024x682.jpg 1024w, https:\/\/enconecte.com\/wp-content\/uploads\/2025\/05\/Imagen-de-WhatsApp-2025-05-06-a-las-14.56.04_d2aced98-768x512.jpg 768w, https:\/\/enconecte.com\/wp-content\/uploads\/2025\/05\/Imagen-de-WhatsApp-2025-05-06-a-las-14.56.04_d2aced98-1536x1023.jpg 1536w\" sizes=\"auto, (max-width: 1600px) 100vw, 1600px\" \/><\/a><\/p>\n","protected":false},"excerpt":{"rendered":"<p>En el marco del aniversario del natalicio del poeta campesino M\u00e1ximo P\u00e9rez Torres, el Gobierno Municipal de Jerez, encabezado por el alcalde Rodrigo Ure\u00f1o, llev\u00f3 a cabo el evento \u201cFrapp\u00e9 Literario\u201d en la Primaria M\u00e1ximo P\u00e9rez Torres, ubicada en la comunidad de Jomulquillo. La actividad estuvo dirigida a ni\u00f1as y ni\u00f1os de la instituci\u00f3n, quienes [&hellip;]<\/p>\n","protected":false},"author":9,"featured_media":24984,"comment_status":"closed","ping_status":"closed","sticky":false,"template":"","format":"standard","meta":{"footnotes":""},"categories":[1370],"tags":[],"class_list":["post-24983","post","type-post","status-publish","format-standard","has-post-thumbnail","hentry","category-jerez"],"_links":{"self":[{"href":"https:\/\/enconecte.com\/index.php?rest_route=\/wp\/v2\/posts\/24983","targetHints":{"allow":["GET"]}}],"collection":[{"href":"https:\/\/enconecte.com\/index.php?rest_route=\/wp\/v2\/posts"}],"about":[{"href":"https:\/\/enconecte.com\/index.php?rest_route=\/wp\/v2\/types\/post"}],"author":[{"embeddable":true,"href":"https:\/\/enconecte.com\/index.php?rest_route=\/wp\/v2\/users\/9"}],"replies":[{"embeddable":true,"href":"https:\/\/enconecte.com\/index.php?rest_route=%2Fwp%2Fv2%2Fcomments&post=24983"}],"version-history":[{"count":0,"href":"https:\/\/enconecte.com\/index.php?rest_route=\/wp\/v2\/posts\/24983\/revisions"}],"wp:featuredmedia":[{"embeddable":true,"href":"https:\/\/enconecte.com\/index.php?rest_route=\/wp\/v2\/media\/24984"}],"wp:attachment":[{"href":"https:\/\/enconecte.com\/index.php?rest_route=%2Fwp%2Fv2%2Fmedia&parent=24983"}],"wp:term":[{"taxonomy":"category","embeddable":true,"href":"https:\/\/enconecte.com\/index.php?rest_route=%2Fwp%2Fv2%2Fcategories&post=24983"},{"taxonomy":"post_tag","embeddable":true,"href":"https:\/\/enconecte.com\/index.php?rest_route=%2Fwp%2Fv2%2Ftags&post=24983"}],"curies":[{"name":"wp","href":"https:\/\/api.w.org\/{rel}","templated":true}]}}