{"id":24980,"date":"2025-05-05T23:12:47","date_gmt":"2025-05-06T05:12:47","guid":{"rendered":"https:\/\/enconecte.com\/?p=24980"},"modified":"2025-05-14T23:13:05","modified_gmt":"2025-05-15T05:13:05","slug":"rinde-gobierno-de-jerez-homenaje-al-poeta-maximo-perez-torres-en-su-126-aniversario-natalicio","status":"publish","type":"post","link":"https:\/\/enconecte.com\/?p=24980","title":{"rendered":"RINDE GOBIERNO DE JEREZ HOMENAJE AL POETA M\u00c1XIMO P\u00c9REZ TORRES, EN SU 126 ANIVERSARIO NATALICIO"},"content":{"rendered":"<p>El Gobierno Municipal de Jerez, a trav\u00e9s del Instituto Jerezano de Cultura (IJC), llev\u00f3 a cabo un emotivo homenaje con motivo del 126 aniversario del natalicio de M\u00e1ximo P\u00e9rez Torres, reconocido como el poeta del surco, figura emblem\u00e1tica de la literatura campesina.<br \/>\nEl acto conmemorativo tuvo lugar en el jard\u00edn que lleva su nombre, donde se congregaron familiares, autoridades y ciudadan\u00eda para recordar y exaltar el legado del autor que plasm\u00f3 en su obra una profunda conexi\u00f3n con la vida rural y el esp\u00edritu del campo jerezano.<br \/>\nLa Subdirectora de Desarrollo Social, Elizabeth Murillo, destac\u00f3 la importancia de mantener vivo el legado literario de P\u00e9rez Torres, cuyas letras dibujan con sensibilidad la experiencia buc\u00f3lica y la dignidad del hombre del campo.<br \/>\nPor su parte, el Director de Desarrollo Econ\u00f3mico y Social, David Ju\u00e1rez, expres\u00f3 el agradecimiento del presidente municipal Rodrigo Ure\u00f1o a todos los asistentes, y reafirm\u00f3 el compromiso de la administraci\u00f3n con la difusi\u00f3n de la vida y obra de este ilustre jerezano, como parte del fortalecimiento de la identidad y cultura local.<br \/>\nDurante el homenaje, Gerardo P\u00e9rez Arellano, nieto del poeta, comparti\u00f3 una rese\u00f1a de la trayectoria de su abuelo, recordando que su obra comenz\u00f3 con la publicaci\u00f3n de Alma Campesina y m\u00e1s tarde Zurco, a la que siguieron, de forma p\u00f3stuma, El Dolor de la Monta\u00f1a, Lira R\u00fastica y El Ruise\u00f1or del Collado, que consolidan su aporte a la poes\u00eda rural mexicana.<br \/>\nEl acto concluy\u00f3 con una ofrenda floral al pie del busto de M\u00e1ximo P\u00e9rez Torres, realizada por autoridades municipales y familiares, como s\u00edmbolo de respeto y reconocimiento a su legado que sigue vivo en la memoria colectiva\u00a0de\u00a0Jerez.<\/p>\n<p><a  href=\"https:\/\/enconecte.com\/wp-content\/uploads\/2025\/05\/Imagen-de-WhatsApp-2025-05-05-a-las-18.58.05_fc4ffd66.jpg\" data-rel=\"lightbox-gallery-0\" data-rl_title=\"\" data-rl_caption=\"\" title=\"\"><img loading=\"lazy\" decoding=\"async\" class=\"alignnone size-full wp-image-24982\" src=\"https:\/\/enconecte.com\/wp-content\/uploads\/2025\/05\/Imagen-de-WhatsApp-2025-05-05-a-las-18.58.05_fc4ffd66.jpg\" alt=\"\" width=\"1600\" height=\"1066\" srcset=\"https:\/\/enconecte.com\/wp-content\/uploads\/2025\/05\/Imagen-de-WhatsApp-2025-05-05-a-las-18.58.05_fc4ffd66.jpg 1600w, https:\/\/enconecte.com\/wp-content\/uploads\/2025\/05\/Imagen-de-WhatsApp-2025-05-05-a-las-18.58.05_fc4ffd66-300x200.jpg 300w, https:\/\/enconecte.com\/wp-content\/uploads\/2025\/05\/Imagen-de-WhatsApp-2025-05-05-a-las-18.58.05_fc4ffd66-1024x682.jpg 1024w, https:\/\/enconecte.com\/wp-content\/uploads\/2025\/05\/Imagen-de-WhatsApp-2025-05-05-a-las-18.58.05_fc4ffd66-768x512.jpg 768w, https:\/\/enconecte.com\/wp-content\/uploads\/2025\/05\/Imagen-de-WhatsApp-2025-05-05-a-las-18.58.05_fc4ffd66-1536x1023.jpg 1536w\" sizes=\"auto, (max-width: 1600px) 100vw, 1600px\" \/><\/a><\/p>\n","protected":false},"excerpt":{"rendered":"<p>El Gobierno Municipal de Jerez, a trav\u00e9s del Instituto Jerezano de Cultura (IJC), llev\u00f3 a cabo un emotivo homenaje con motivo del 126 aniversario del natalicio de M\u00e1ximo P\u00e9rez Torres, reconocido como el poeta del surco, figura emblem\u00e1tica de la literatura campesina. El acto conmemorativo tuvo lugar en el jard\u00edn que lleva su nombre, donde [&hellip;]<\/p>\n","protected":false},"author":9,"featured_media":24981,"comment_status":"closed","ping_status":"closed","sticky":false,"template":"","format":"standard","meta":{"footnotes":""},"categories":[1370],"tags":[],"class_list":["post-24980","post","type-post","status-publish","format-standard","has-post-thumbnail","hentry","category-jerez"],"_links":{"self":[{"href":"https:\/\/enconecte.com\/index.php?rest_route=\/wp\/v2\/posts\/24980","targetHints":{"allow":["GET"]}}],"collection":[{"href":"https:\/\/enconecte.com\/index.php?rest_route=\/wp\/v2\/posts"}],"about":[{"href":"https:\/\/enconecte.com\/index.php?rest_route=\/wp\/v2\/types\/post"}],"author":[{"embeddable":true,"href":"https:\/\/enconecte.com\/index.php?rest_route=\/wp\/v2\/users\/9"}],"replies":[{"embeddable":true,"href":"https:\/\/enconecte.com\/index.php?rest_route=%2Fwp%2Fv2%2Fcomments&post=24980"}],"version-history":[{"count":0,"href":"https:\/\/enconecte.com\/index.php?rest_route=\/wp\/v2\/posts\/24980\/revisions"}],"wp:featuredmedia":[{"embeddable":true,"href":"https:\/\/enconecte.com\/index.php?rest_route=\/wp\/v2\/media\/24981"}],"wp:attachment":[{"href":"https:\/\/enconecte.com\/index.php?rest_route=%2Fwp%2Fv2%2Fmedia&parent=24980"}],"wp:term":[{"taxonomy":"category","embeddable":true,"href":"https:\/\/enconecte.com\/index.php?rest_route=%2Fwp%2Fv2%2Fcategories&post=24980"},{"taxonomy":"post_tag","embeddable":true,"href":"https:\/\/enconecte.com\/index.php?rest_route=%2Fwp%2Fv2%2Ftags&post=24980"}],"curies":[{"name":"wp","href":"https:\/\/api.w.org\/{rel}","templated":true}]}}