{"id":24977,"date":"2025-05-05T23:12:08","date_gmt":"2025-05-06T05:12:08","guid":{"rendered":"https:\/\/enconecte.com\/?p=24977"},"modified":"2025-05-14T23:12:32","modified_gmt":"2025-05-15T05:12:32","slug":"avanza-reparacion-de-caminos-rurales-en-jerez","status":"publish","type":"post","link":"https:\/\/enconecte.com\/?p=24977","title":{"rendered":"AVANZA REPARACI\u00d3N DE CAMINOS RURALES EN JEREZ"},"content":{"rendered":"<p>El Gobierno Municipal, encabezado por el Presidente Rodrigo Ure\u00f1o Ba\u00f1uelos, avanza en la atenci\u00f3n de caminos rurales, v\u00edas fundamentales para mejorar la conectividad con la cabecera municipal y facilitar el traslado \u00e1gil de las y los ciudadanos desde las distintas comunidades.<br \/>\nLa Direcci\u00f3n de Obras y Servicios P\u00fablicos inform\u00f3 que, en una primera etapa de las dos contempladas, se rehabilit\u00f3 un tramo de cinco kil\u00f3metros del camino que va de la comunidad de Lo de Nava a San Nicol\u00e1s. A\u00f1adi\u00f3 que en los pr\u00f3ximos d\u00edas se concluir\u00e1n los cuatro kil\u00f3metros restantes.<br \/>\nLos trabajos consistieron en el revestimiento del camino, utilizando maquinaria del Ayuntamiento de Jerez, como motoconformadora, retroexcavadora y camiones tipo volteo. Asimismo, se\u00f1al\u00f3 que, una vez concluidas las labores en este punto, se trasladar\u00e1n a otro camino que requiera intervenci\u00f3n, con el objetivo de brindar servicios que se traduzcan en bienestar para\u00a0la\u00a0poblaci\u00f3n.<\/p>\n<p><a  href=\"https:\/\/enconecte.com\/wp-content\/uploads\/2025\/05\/Imagen-de-WhatsApp-2025-05-05-a-las-14.18.01_f7ffa948.jpg\" data-rel=\"lightbox-gallery-0\" data-rl_title=\"\" data-rl_caption=\"\" title=\"\"><img loading=\"lazy\" decoding=\"async\" class=\"alignnone size-full wp-image-24979\" src=\"https:\/\/enconecte.com\/wp-content\/uploads\/2025\/05\/Imagen-de-WhatsApp-2025-05-05-a-las-14.18.01_f7ffa948.jpg\" alt=\"\" width=\"940\" height=\"788\" srcset=\"https:\/\/enconecte.com\/wp-content\/uploads\/2025\/05\/Imagen-de-WhatsApp-2025-05-05-a-las-14.18.01_f7ffa948.jpg 940w, https:\/\/enconecte.com\/wp-content\/uploads\/2025\/05\/Imagen-de-WhatsApp-2025-05-05-a-las-14.18.01_f7ffa948-300x251.jpg 300w, https:\/\/enconecte.com\/wp-content\/uploads\/2025\/05\/Imagen-de-WhatsApp-2025-05-05-a-las-14.18.01_f7ffa948-768x644.jpg 768w\" sizes=\"auto, (max-width: 940px) 100vw, 940px\" \/><\/a><\/p>\n","protected":false},"excerpt":{"rendered":"<p>El Gobierno Municipal, encabezado por el Presidente Rodrigo Ure\u00f1o Ba\u00f1uelos, avanza en la atenci\u00f3n de caminos rurales, v\u00edas fundamentales para mejorar la conectividad con la cabecera municipal y facilitar el traslado \u00e1gil de las y los ciudadanos desde las distintas comunidades. La Direcci\u00f3n de Obras y Servicios P\u00fablicos inform\u00f3 que, en una primera etapa de [&hellip;]<\/p>\n","protected":false},"author":9,"featured_media":24978,"comment_status":"closed","ping_status":"closed","sticky":false,"template":"","format":"standard","meta":{"footnotes":""},"categories":[1370],"tags":[],"class_list":["post-24977","post","type-post","status-publish","format-standard","has-post-thumbnail","hentry","category-jerez"],"_links":{"self":[{"href":"https:\/\/enconecte.com\/index.php?rest_route=\/wp\/v2\/posts\/24977","targetHints":{"allow":["GET"]}}],"collection":[{"href":"https:\/\/enconecte.com\/index.php?rest_route=\/wp\/v2\/posts"}],"about":[{"href":"https:\/\/enconecte.com\/index.php?rest_route=\/wp\/v2\/types\/post"}],"author":[{"embeddable":true,"href":"https:\/\/enconecte.com\/index.php?rest_route=\/wp\/v2\/users\/9"}],"replies":[{"embeddable":true,"href":"https:\/\/enconecte.com\/index.php?rest_route=%2Fwp%2Fv2%2Fcomments&post=24977"}],"version-history":[{"count":0,"href":"https:\/\/enconecte.com\/index.php?rest_route=\/wp\/v2\/posts\/24977\/revisions"}],"wp:featuredmedia":[{"embeddable":true,"href":"https:\/\/enconecte.com\/index.php?rest_route=\/wp\/v2\/media\/24978"}],"wp:attachment":[{"href":"https:\/\/enconecte.com\/index.php?rest_route=%2Fwp%2Fv2%2Fmedia&parent=24977"}],"wp:term":[{"taxonomy":"category","embeddable":true,"href":"https:\/\/enconecte.com\/index.php?rest_route=%2Fwp%2Fv2%2Fcategories&post=24977"},{"taxonomy":"post_tag","embeddable":true,"href":"https:\/\/enconecte.com\/index.php?rest_route=%2Fwp%2Fv2%2Ftags&post=24977"}],"curies":[{"name":"wp","href":"https:\/\/api.w.org\/{rel}","templated":true}]}}