{"id":24974,"date":"2025-05-03T23:11:07","date_gmt":"2025-05-04T05:11:07","guid":{"rendered":"https:\/\/enconecte.com\/?p=24974"},"modified":"2025-05-14T23:11:56","modified_gmt":"2025-05-15T05:11:56","slug":"rinden-homenaje-a-candelario-huizar-en-su-55-aniversario-luctuoso","status":"publish","type":"post","link":"https:\/\/enconecte.com\/?p=24974","title":{"rendered":"RINDEN HOMENAJE A CANDELARIO HU\u00cdZAR EN SU 55 ANIVERSARIO LUCTUOSO"},"content":{"rendered":"<p>En el marco de las Jornadas Candelario Hu\u00edzar 2025, el Gobierno Municipal, a trav\u00e9s del Instituto Jerezano de Cultura (IJC), realiz\u00f3 una ofrenda floral y musical para conmemorar el 55 aniversario luctuoso del insigne compositor jerezano.<br \/>\nEn representaci\u00f3n del presidente municipal Rodrigo Ure\u00f1o, asisti\u00f3 la subdirectora de Desarrollo Social, Elizabeth Murillo, quien record\u00f3 la trascendencia cultural y art\u00edstica de los aportes de Hu\u00edzar a la tradici\u00f3n y academia musical mexicana, destacando su legado como un referente nacional de la composici\u00f3n sinf\u00f3nica.<br \/>\nLa ceremonia cont\u00f3 con la presencia de Carlos Guillermo Salinas Flores, secretario t\u00e9cnico del Instituto Zacatecano de Cultura (IZC), quien subray\u00f3 la importancia de la colaboraci\u00f3n entre el estado y el municipio para impulsar el arte y la cultura en Zacatecas.<br \/>\nTambi\u00e9n participaron Taide Ruiz V\u00e1zquez, directora de la Escuela de M\u00fasica Candelario Hu\u00edzar, y el joven estudiante Si\u00f3n S\u00e1nchez, quien ofreci\u00f3 una pieza po\u00e9tica en honor del maestro, antes de depositar la ofrenda floral junto con las autoridades presentes.<br \/>\nEl homenaje musical estuvo a cargo de la Banda Municipal Candelario Hu\u00edzar, dirigida por Mario Acevedo Aparicio, con un programa conformado por obras del propio compositor jerezano, en un acto lleno de solemnidad y profundo reconocimiento\u00a0a\u00a0su\u00a0memoria.<\/p>\n<p><a  href=\"https:\/\/enconecte.com\/wp-content\/uploads\/2025\/05\/Imagen-de-WhatsApp-2025-05-03-a-las-19.26.55_1ac6aefe.jpg\" data-rel=\"lightbox-gallery-0\" data-rl_title=\"\" data-rl_caption=\"\" title=\"\"><img loading=\"lazy\" decoding=\"async\" class=\"alignnone size-full wp-image-24976\" src=\"https:\/\/enconecte.com\/wp-content\/uploads\/2025\/05\/Imagen-de-WhatsApp-2025-05-03-a-las-19.26.55_1ac6aefe.jpg\" alt=\"\" width=\"1280\" height=\"853\" srcset=\"https:\/\/enconecte.com\/wp-content\/uploads\/2025\/05\/Imagen-de-WhatsApp-2025-05-03-a-las-19.26.55_1ac6aefe.jpg 1280w, https:\/\/enconecte.com\/wp-content\/uploads\/2025\/05\/Imagen-de-WhatsApp-2025-05-03-a-las-19.26.55_1ac6aefe-300x200.jpg 300w, https:\/\/enconecte.com\/wp-content\/uploads\/2025\/05\/Imagen-de-WhatsApp-2025-05-03-a-las-19.26.55_1ac6aefe-1024x682.jpg 1024w, https:\/\/enconecte.com\/wp-content\/uploads\/2025\/05\/Imagen-de-WhatsApp-2025-05-03-a-las-19.26.55_1ac6aefe-768x512.jpg 768w\" sizes=\"auto, (max-width: 1280px) 100vw, 1280px\" \/><\/a><\/p>\n","protected":false},"excerpt":{"rendered":"<p>En el marco de las Jornadas Candelario Hu\u00edzar 2025, el Gobierno Municipal, a trav\u00e9s del Instituto Jerezano de Cultura (IJC), realiz\u00f3 una ofrenda floral y musical para conmemorar el 55 aniversario luctuoso del insigne compositor jerezano. En representaci\u00f3n del presidente municipal Rodrigo Ure\u00f1o, asisti\u00f3 la subdirectora de Desarrollo Social, Elizabeth Murillo, quien record\u00f3 la trascendencia [&hellip;]<\/p>\n","protected":false},"author":9,"featured_media":24976,"comment_status":"closed","ping_status":"closed","sticky":false,"template":"","format":"standard","meta":{"footnotes":""},"categories":[1370],"tags":[],"class_list":["post-24974","post","type-post","status-publish","format-standard","has-post-thumbnail","hentry","category-jerez"],"_links":{"self":[{"href":"https:\/\/enconecte.com\/index.php?rest_route=\/wp\/v2\/posts\/24974","targetHints":{"allow":["GET"]}}],"collection":[{"href":"https:\/\/enconecte.com\/index.php?rest_route=\/wp\/v2\/posts"}],"about":[{"href":"https:\/\/enconecte.com\/index.php?rest_route=\/wp\/v2\/types\/post"}],"author":[{"embeddable":true,"href":"https:\/\/enconecte.com\/index.php?rest_route=\/wp\/v2\/users\/9"}],"replies":[{"embeddable":true,"href":"https:\/\/enconecte.com\/index.php?rest_route=%2Fwp%2Fv2%2Fcomments&post=24974"}],"version-history":[{"count":0,"href":"https:\/\/enconecte.com\/index.php?rest_route=\/wp\/v2\/posts\/24974\/revisions"}],"wp:featuredmedia":[{"embeddable":true,"href":"https:\/\/enconecte.com\/index.php?rest_route=\/wp\/v2\/media\/24976"}],"wp:attachment":[{"href":"https:\/\/enconecte.com\/index.php?rest_route=%2Fwp%2Fv2%2Fmedia&parent=24974"}],"wp:term":[{"taxonomy":"category","embeddable":true,"href":"https:\/\/enconecte.com\/index.php?rest_route=%2Fwp%2Fv2%2Fcategories&post=24974"},{"taxonomy":"post_tag","embeddable":true,"href":"https:\/\/enconecte.com\/index.php?rest_route=%2Fwp%2Fv2%2Ftags&post=24974"}],"curies":[{"name":"wp","href":"https:\/\/api.w.org\/{rel}","templated":true}]}}