{"id":24944,"date":"2025-04-26T14:05:15","date_gmt":"2025-04-26T20:05:15","guid":{"rendered":"https:\/\/enconecte.com\/?p=24944"},"modified":"2025-05-14T14:05:35","modified_gmt":"2025-05-14T20:05:35","slug":"jerez-recibe-a-atletas-nacionales-en-el-torneo-de-racquetbol-de-la-feria-de-la-primavera","status":"publish","type":"post","link":"https:\/\/enconecte.com\/?p=24944","title":{"rendered":"JEREZ RECIBE A ATLETAS NACIONALES EN EL TORNEO DE RACQUETBOL DE LA FERIA DE LA PRIMAVERA"},"content":{"rendered":"<p>Este 26 y 27 de abril, las instalaciones de la Unidad Deportiva ser\u00e1n sede del Torneo de Racquetbol, actividad deportiva enmarcada en los festejos del 200 aniversario de la Feria de la Primavera Jerez 2025. El evento reunir\u00e1 a destacados exponentes de Aguascalientes, Fresnillo, Guadalupe, Zacatecas, San Luis Potos\u00ed y Jerez.<br \/>\nLa competencia promete un alto nivel deportivo gracias a la calidad de los 60 participantes, distribuidos en siete categor\u00edas que van desde infantil hasta adultos, en sus distintas ramas. Los encuentros se jugar\u00e1n bajo el formato de doble eliminaci\u00f3n, y ser\u00e1 este domingo 27 de abril cuando se lleven a cabo las finales y se conozca a los ganadores de cada grupo.<br \/>\nCon estas acciones, el Gobierno Municipal que encabeza Rodrigo Ure\u00f1o, a trav\u00e9s de la Coordinaci\u00f3n del Deporte y el Patronato de la Feria de Jerez, reafirma su compromiso de ofrecer eventos de calidad y diversificar las disciplinas deportivas, con el objetivo de involucrar al mayor n\u00famero posible de personas en los festejos\u00a0feriales.<\/p>\n<p><a  href=\"https:\/\/enconecte.com\/wp-content\/uploads\/2025\/05\/Imagen-de-WhatsApp-2025-04-26-a-las-20.21.58_18e6317e.jpg\" data-rel=\"lightbox-gallery-0\" data-rl_title=\"\" data-rl_caption=\"\" title=\"\"><img loading=\"lazy\" decoding=\"async\" class=\"alignnone size-full wp-image-24945\" src=\"https:\/\/enconecte.com\/wp-content\/uploads\/2025\/05\/Imagen-de-WhatsApp-2025-04-26-a-las-20.21.58_18e6317e.jpg\" alt=\"\" width=\"1600\" height=\"1066\" srcset=\"https:\/\/enconecte.com\/wp-content\/uploads\/2025\/05\/Imagen-de-WhatsApp-2025-04-26-a-las-20.21.58_18e6317e.jpg 1600w, https:\/\/enconecte.com\/wp-content\/uploads\/2025\/05\/Imagen-de-WhatsApp-2025-04-26-a-las-20.21.58_18e6317e-300x200.jpg 300w, https:\/\/enconecte.com\/wp-content\/uploads\/2025\/05\/Imagen-de-WhatsApp-2025-04-26-a-las-20.21.58_18e6317e-1024x682.jpg 1024w, https:\/\/enconecte.com\/wp-content\/uploads\/2025\/05\/Imagen-de-WhatsApp-2025-04-26-a-las-20.21.58_18e6317e-768x512.jpg 768w, https:\/\/enconecte.com\/wp-content\/uploads\/2025\/05\/Imagen-de-WhatsApp-2025-04-26-a-las-20.21.58_18e6317e-1536x1023.jpg 1536w\" sizes=\"auto, (max-width: 1600px) 100vw, 1600px\" \/><\/a><\/p>\n","protected":false},"excerpt":{"rendered":"<p>Este 26 y 27 de abril, las instalaciones de la Unidad Deportiva ser\u00e1n sede del Torneo de Racquetbol, actividad deportiva enmarcada en los festejos del 200 aniversario de la Feria de la Primavera Jerez 2025. El evento reunir\u00e1 a destacados exponentes de Aguascalientes, Fresnillo, Guadalupe, Zacatecas, San Luis Potos\u00ed y Jerez. La competencia promete un [&hellip;]<\/p>\n","protected":false},"author":9,"featured_media":24946,"comment_status":"closed","ping_status":"closed","sticky":false,"template":"","format":"standard","meta":{"footnotes":""},"categories":[1370],"tags":[],"class_list":["post-24944","post","type-post","status-publish","format-standard","has-post-thumbnail","hentry","category-jerez"],"_links":{"self":[{"href":"https:\/\/enconecte.com\/index.php?rest_route=\/wp\/v2\/posts\/24944","targetHints":{"allow":["GET"]}}],"collection":[{"href":"https:\/\/enconecte.com\/index.php?rest_route=\/wp\/v2\/posts"}],"about":[{"href":"https:\/\/enconecte.com\/index.php?rest_route=\/wp\/v2\/types\/post"}],"author":[{"embeddable":true,"href":"https:\/\/enconecte.com\/index.php?rest_route=\/wp\/v2\/users\/9"}],"replies":[{"embeddable":true,"href":"https:\/\/enconecte.com\/index.php?rest_route=%2Fwp%2Fv2%2Fcomments&post=24944"}],"version-history":[{"count":0,"href":"https:\/\/enconecte.com\/index.php?rest_route=\/wp\/v2\/posts\/24944\/revisions"}],"wp:featuredmedia":[{"embeddable":true,"href":"https:\/\/enconecte.com\/index.php?rest_route=\/wp\/v2\/media\/24946"}],"wp:attachment":[{"href":"https:\/\/enconecte.com\/index.php?rest_route=%2Fwp%2Fv2%2Fmedia&parent=24944"}],"wp:term":[{"taxonomy":"category","embeddable":true,"href":"https:\/\/enconecte.com\/index.php?rest_route=%2Fwp%2Fv2%2Fcategories&post=24944"},{"taxonomy":"post_tag","embeddable":true,"href":"https:\/\/enconecte.com\/index.php?rest_route=%2Fwp%2Fv2%2Ftags&post=24944"}],"curies":[{"name":"wp","href":"https:\/\/api.w.org\/{rel}","templated":true}]}}