{"id":24917,"date":"2025-04-18T13:58:46","date_gmt":"2025-04-18T19:58:46","guid":{"rendered":"https:\/\/enconecte.com\/?p=24917"},"modified":"2025-05-14T13:59:13","modified_gmt":"2025-05-14T19:59:13","slug":"gobierno-de-jerez-implementa-plan-de-limpia-por-semana-santa-y-primer-fin-de-feria","status":"publish","type":"post","link":"https:\/\/enconecte.com\/?p=24917","title":{"rendered":"GOBIERNO DE JEREZ IMPLEMENTA PLAN DE LIMPIA POR SEMANA SANTA Y PRIMER FIN DE FERIA"},"content":{"rendered":"<p>Dio inicio el plan de limpia con el que el Gobierno Municipal garantizar\u00e1 el abastecimiento de rutas de recolecci\u00f3n y labores de limpieza en la cabecera, durante los d\u00edas de Semana Santa y primer fin de la Feria de la Primavera Jerez 2025.<br \/>\nEl Departamento de Limpia de la Subdirecci\u00f3n de Servicios P\u00fablicos, ha registrado hasta el momento un incremento de residuos del 40% por d\u00eda a la espera de otro aumento, por lo cual estar\u00e1n operando cerca de 100 trabajadores que har\u00e1n \u00e9nfasis en el S\u00e1bado de Gloria y primer domingo de Feria, cubriendo desde la madrugada espacios p\u00fablicos de mayor afluencia como calles principales, Jard\u00edn Principal, Plaza Tacuba, Jard\u00edn Hidalgo, Alameda y Explanada de la Feria.<br \/>\nEl \u00e1rea redoblar\u00e1 esfuerzos para cumplir con la mayor\u00eda de rutas ya establecidas, por medio de siete camiones que recorrer\u00e1n principalmente el centro de la ciudad en horarios no fijos debido a la alta demanda del servicio, por lo cual se pide la comprensi\u00f3n de la ciudadan\u00eda ante los retrasos que pudieran suscitarse, y para cualquier emergencia marcar al n\u00famero telef\u00f3nico 494 106 0002.<\/p>\n<p><a  href=\"https:\/\/enconecte.com\/wp-content\/uploads\/2025\/05\/Imagen-de-WhatsApp-2025-04-18-a-las-10.16.46_391852e2.jpg\" data-rel=\"lightbox-gallery-0\" data-rl_title=\"\" data-rl_caption=\"\" title=\"\"><img loading=\"lazy\" decoding=\"async\" class=\"alignnone size-full wp-image-24918\" src=\"https:\/\/enconecte.com\/wp-content\/uploads\/2025\/05\/Imagen-de-WhatsApp-2025-04-18-a-las-10.16.46_391852e2.jpg\" alt=\"\" width=\"1600\" height=\"1066\" srcset=\"https:\/\/enconecte.com\/wp-content\/uploads\/2025\/05\/Imagen-de-WhatsApp-2025-04-18-a-las-10.16.46_391852e2.jpg 1600w, https:\/\/enconecte.com\/wp-content\/uploads\/2025\/05\/Imagen-de-WhatsApp-2025-04-18-a-las-10.16.46_391852e2-300x200.jpg 300w, https:\/\/enconecte.com\/wp-content\/uploads\/2025\/05\/Imagen-de-WhatsApp-2025-04-18-a-las-10.16.46_391852e2-1024x682.jpg 1024w, https:\/\/enconecte.com\/wp-content\/uploads\/2025\/05\/Imagen-de-WhatsApp-2025-04-18-a-las-10.16.46_391852e2-768x512.jpg 768w, https:\/\/enconecte.com\/wp-content\/uploads\/2025\/05\/Imagen-de-WhatsApp-2025-04-18-a-las-10.16.46_391852e2-1536x1023.jpg 1536w\" sizes=\"auto, (max-width: 1600px) 100vw, 1600px\" \/><\/a><\/p>\n","protected":false},"excerpt":{"rendered":"<p>Dio inicio el plan de limpia con el que el Gobierno Municipal garantizar\u00e1 el abastecimiento de rutas de recolecci\u00f3n y labores de limpieza en la cabecera, durante los d\u00edas de Semana Santa y primer fin de la Feria de la Primavera Jerez 2025. El Departamento de Limpia de la Subdirecci\u00f3n de Servicios P\u00fablicos, ha registrado [&hellip;]<\/p>\n","protected":false},"author":9,"featured_media":24919,"comment_status":"closed","ping_status":"closed","sticky":false,"template":"","format":"standard","meta":{"footnotes":""},"categories":[1370],"tags":[],"class_list":["post-24917","post","type-post","status-publish","format-standard","has-post-thumbnail","hentry","category-jerez"],"_links":{"self":[{"href":"https:\/\/enconecte.com\/index.php?rest_route=\/wp\/v2\/posts\/24917","targetHints":{"allow":["GET"]}}],"collection":[{"href":"https:\/\/enconecte.com\/index.php?rest_route=\/wp\/v2\/posts"}],"about":[{"href":"https:\/\/enconecte.com\/index.php?rest_route=\/wp\/v2\/types\/post"}],"author":[{"embeddable":true,"href":"https:\/\/enconecte.com\/index.php?rest_route=\/wp\/v2\/users\/9"}],"replies":[{"embeddable":true,"href":"https:\/\/enconecte.com\/index.php?rest_route=%2Fwp%2Fv2%2Fcomments&post=24917"}],"version-history":[{"count":0,"href":"https:\/\/enconecte.com\/index.php?rest_route=\/wp\/v2\/posts\/24917\/revisions"}],"wp:featuredmedia":[{"embeddable":true,"href":"https:\/\/enconecte.com\/index.php?rest_route=\/wp\/v2\/media\/24919"}],"wp:attachment":[{"href":"https:\/\/enconecte.com\/index.php?rest_route=%2Fwp%2Fv2%2Fmedia&parent=24917"}],"wp:term":[{"taxonomy":"category","embeddable":true,"href":"https:\/\/enconecte.com\/index.php?rest_route=%2Fwp%2Fv2%2Fcategories&post=24917"},{"taxonomy":"post_tag","embeddable":true,"href":"https:\/\/enconecte.com\/index.php?rest_route=%2Fwp%2Fv2%2Ftags&post=24917"}],"curies":[{"name":"wp","href":"https:\/\/api.w.org\/{rel}","templated":true}]}}