{"id":24833,"date":"2025-04-26T13:36:50","date_gmt":"2025-04-26T19:36:50","guid":{"rendered":"https:\/\/enconecte.com\/?p=24833"},"modified":"2025-05-14T13:37:12","modified_gmt":"2025-05-14T19:37:12","slug":"tradicion-creatividad-y-talento-en-la-feria-con-expoventa-de-artesanos-joyeros-jerezanos","status":"publish","type":"post","link":"https:\/\/enconecte.com\/?p=24833","title":{"rendered":"TRADICI\u00d3N, CREATIVIDAD Y TALENTO EN LA FERIA CON EXPOVENTA DE ARTESANOS JOYEROS JEREZANOS"},"content":{"rendered":"<p>La tradici\u00f3n, la creatividad y el talento se unieron para presentar cerca de 700 piezas \u00fanicas en la Expo-venta de Artesanos Joyeros, inaugurada por el presidente municipal Rodrigo Ure\u00f1o Ba\u00f1uelos, dentro de la nutrida programaci\u00f3n de la Feria de la Primavera de Jerez 2025.<br \/>\nEl alcalde reconoci\u00f3 el gran esfuerzo y labor de los artesanos locales, quienes reafirm\u00f3 ponen en alto el nombre de Jerez a nivel nacional e internacional, a trav\u00e9s de piezas como la Arracada Jerezana recientemente declarada patrimonio cultural con el fin de preservar su legado y valor.<br \/>\nEn la exposici\u00f3n se presentaron obras excepcionales hechas con manos y alma de los joyeros, que combinaron t\u00e9cnicas ancestrales, dise\u00f1os contempor\u00e1neos y metal de plata fina, a trav\u00e9s de una pasarela protagonizada por la Corte Real de la Feria de Jerez, Jimena I y las princesas Angie y Anttziry, quienes portaron con elegancia pendientes, collares pectorales, pulseras, entre otras joyas.<br \/>\nAmenizado por la Banda Sinf\u00f3nica Municipal Candelario Hu\u00edzar, el evento cont\u00f3 con la presencia de Ernesto Casta\u00f1o, Subdirector de Desarrollo Econ\u00f3mico, Ra\u00fal M\u00e1rquez, encargado de Fomento Econ\u00f3mico y Proyectos Productivos, y Edgar \u00c1lvarez, presidente del Comit\u00e9 de la Feria de la Primavera de Jerez 2025, adem\u00e1s de las reconocidas empresas joyeras El Palacio de Filigrana, Plater\u00eda Quetzal, Joyer\u00eda Dashiell, Arracadas Jerezanas Cien Por Ciento, y Joyer\u00eda\u00a0Alfredo\u00a0P\u00e9rez.<\/p>\n<p><a  href=\"https:\/\/enconecte.com\/wp-content\/uploads\/2025\/05\/Imagen-de-WhatsApp-2025-04-26-a-las-12.29.53_5cf0192f.jpg\" data-rel=\"lightbox-gallery-0\" data-rl_title=\"\" data-rl_caption=\"\" title=\"\"><img loading=\"lazy\" decoding=\"async\" class=\"alignnone size-full wp-image-24835\" src=\"https:\/\/enconecte.com\/wp-content\/uploads\/2025\/05\/Imagen-de-WhatsApp-2025-04-26-a-las-12.29.53_5cf0192f.jpg\" alt=\"\" width=\"1600\" height=\"1066\" srcset=\"https:\/\/enconecte.com\/wp-content\/uploads\/2025\/05\/Imagen-de-WhatsApp-2025-04-26-a-las-12.29.53_5cf0192f.jpg 1600w, https:\/\/enconecte.com\/wp-content\/uploads\/2025\/05\/Imagen-de-WhatsApp-2025-04-26-a-las-12.29.53_5cf0192f-300x200.jpg 300w, https:\/\/enconecte.com\/wp-content\/uploads\/2025\/05\/Imagen-de-WhatsApp-2025-04-26-a-las-12.29.53_5cf0192f-1024x682.jpg 1024w, https:\/\/enconecte.com\/wp-content\/uploads\/2025\/05\/Imagen-de-WhatsApp-2025-04-26-a-las-12.29.53_5cf0192f-768x512.jpg 768w, https:\/\/enconecte.com\/wp-content\/uploads\/2025\/05\/Imagen-de-WhatsApp-2025-04-26-a-las-12.29.53_5cf0192f-1536x1023.jpg 1536w\" sizes=\"auto, (max-width: 1600px) 100vw, 1600px\" \/><\/a><\/p>\n","protected":false},"excerpt":{"rendered":"<p>La tradici\u00f3n, la creatividad y el talento se unieron para presentar cerca de 700 piezas \u00fanicas en la Expo-venta de Artesanos Joyeros, inaugurada por el presidente municipal Rodrigo Ure\u00f1o Ba\u00f1uelos, dentro de la nutrida programaci\u00f3n de la Feria de la Primavera de Jerez 2025. El alcalde reconoci\u00f3 el gran esfuerzo y labor de los artesanos [&hellip;]<\/p>\n","protected":false},"author":9,"featured_media":24834,"comment_status":"closed","ping_status":"closed","sticky":false,"template":"","format":"standard","meta":{"footnotes":""},"categories":[2175,1370],"tags":[],"class_list":["post-24833","post","type-post","status-publish","format-standard","has-post-thumbnail","hentry","category-feria-jerez","category-jerez"],"_links":{"self":[{"href":"https:\/\/enconecte.com\/index.php?rest_route=\/wp\/v2\/posts\/24833","targetHints":{"allow":["GET"]}}],"collection":[{"href":"https:\/\/enconecte.com\/index.php?rest_route=\/wp\/v2\/posts"}],"about":[{"href":"https:\/\/enconecte.com\/index.php?rest_route=\/wp\/v2\/types\/post"}],"author":[{"embeddable":true,"href":"https:\/\/enconecte.com\/index.php?rest_route=\/wp\/v2\/users\/9"}],"replies":[{"embeddable":true,"href":"https:\/\/enconecte.com\/index.php?rest_route=%2Fwp%2Fv2%2Fcomments&post=24833"}],"version-history":[{"count":0,"href":"https:\/\/enconecte.com\/index.php?rest_route=\/wp\/v2\/posts\/24833\/revisions"}],"wp:featuredmedia":[{"embeddable":true,"href":"https:\/\/enconecte.com\/index.php?rest_route=\/wp\/v2\/media\/24834"}],"wp:attachment":[{"href":"https:\/\/enconecte.com\/index.php?rest_route=%2Fwp%2Fv2%2Fmedia&parent=24833"}],"wp:term":[{"taxonomy":"category","embeddable":true,"href":"https:\/\/enconecte.com\/index.php?rest_route=%2Fwp%2Fv2%2Fcategories&post=24833"},{"taxonomy":"post_tag","embeddable":true,"href":"https:\/\/enconecte.com\/index.php?rest_route=%2Fwp%2Fv2%2Ftags&post=24833"}],"curies":[{"name":"wp","href":"https:\/\/api.w.org\/{rel}","templated":true}]}}