{"id":24797,"date":"2025-04-21T13:28:05","date_gmt":"2025-04-21T19:28:05","guid":{"rendered":"https:\/\/enconecte.com\/?p=24797"},"modified":"2025-05-14T13:28:27","modified_gmt":"2025-05-14T19:28:27","slug":"tucanes-de-tijuana-triunfan-en-la-feria-de-la-primavera-jerez-2025","status":"publish","type":"post","link":"https:\/\/enconecte.com\/?p=24797","title":{"rendered":"TUCANES DE TIJUANA TRIUNFAN EN LA FERIA DE LA PRIMAVERA JEREZ 2025"},"content":{"rendered":"<p>Los Tucanes de Tijuana ponen a bailar a miles de personas que se dieron cita en la explanada, para ser parte de la celebraci\u00f3n en el bicentenario de la Feria de la Primavera Jerez 2025.<\/p>\n<p>El presidente municipal Rodrigo Ure\u00f1o, hizo entrega de un merecido reconocimiento a la agrupaci\u00f3n, por formar parte de los grupos favoritos en el programa de la Feria.<\/p>\n<p>Mario Quintero y su inigualable voz abri\u00f3 la presentaci\u00f3n con la interpretaci\u00f3n de La Chica Sexy adem\u00e1s de compartir los temas que siguen siendo populares como Mundo de Amor, El Tucanazo, Espejeando y Me Gusta Vivir de Noche, sin faltar La Chona, tema coreado y bailado por el ambientado p\u00fablico.<\/p>\n<p>Antecedieron a Los Tucanes, grupo La T\u00e1ctica y Banda La Aut\u00e9ntica, que fueron ambientando a los asistentes provenientes de la Uni\u00f3n Americana, varios Estados, municipios vecinos y locales, quienes abarrotaron el lugar, haciendo de \u00e9ste, un exitoso evento en la gran fiesta por los 200 a\u00f1os de la Feria de\u00a0la\u00a0Primavera.<\/p>\n<p><a  href=\"https:\/\/enconecte.com\/wp-content\/uploads\/2025\/05\/Imagen-de-WhatsApp-2025-04-21-a-las-00.53.29_37bf0a95.jpg\" data-rel=\"lightbox-gallery-0\" data-rl_title=\"\" data-rl_caption=\"\" title=\"\"><img loading=\"lazy\" decoding=\"async\" class=\"alignnone size-full wp-image-24799\" src=\"https:\/\/enconecte.com\/wp-content\/uploads\/2025\/05\/Imagen-de-WhatsApp-2025-04-21-a-las-00.53.29_37bf0a95.jpg\" alt=\"\" width=\"1600\" height=\"900\" srcset=\"https:\/\/enconecte.com\/wp-content\/uploads\/2025\/05\/Imagen-de-WhatsApp-2025-04-21-a-las-00.53.29_37bf0a95.jpg 1600w, https:\/\/enconecte.com\/wp-content\/uploads\/2025\/05\/Imagen-de-WhatsApp-2025-04-21-a-las-00.53.29_37bf0a95-300x169.jpg 300w, https:\/\/enconecte.com\/wp-content\/uploads\/2025\/05\/Imagen-de-WhatsApp-2025-04-21-a-las-00.53.29_37bf0a95-1024x576.jpg 1024w, https:\/\/enconecte.com\/wp-content\/uploads\/2025\/05\/Imagen-de-WhatsApp-2025-04-21-a-las-00.53.29_37bf0a95-768x432.jpg 768w, https:\/\/enconecte.com\/wp-content\/uploads\/2025\/05\/Imagen-de-WhatsApp-2025-04-21-a-las-00.53.29_37bf0a95-1536x864.jpg 1536w\" sizes=\"auto, (max-width: 1600px) 100vw, 1600px\" \/><\/a><\/p>\n","protected":false},"excerpt":{"rendered":"<p>Los Tucanes de Tijuana ponen a bailar a miles de personas que se dieron cita en la explanada, para ser parte de la celebraci\u00f3n en el bicentenario de la Feria de la Primavera Jerez 2025. El presidente municipal Rodrigo Ure\u00f1o, hizo entrega de un merecido reconocimiento a la agrupaci\u00f3n, por formar parte de los grupos [&hellip;]<\/p>\n","protected":false},"author":9,"featured_media":24798,"comment_status":"closed","ping_status":"closed","sticky":false,"template":"","format":"standard","meta":{"footnotes":""},"categories":[2175,1370],"tags":[],"class_list":["post-24797","post","type-post","status-publish","format-standard","has-post-thumbnail","hentry","category-feria-jerez","category-jerez"],"_links":{"self":[{"href":"https:\/\/enconecte.com\/index.php?rest_route=\/wp\/v2\/posts\/24797","targetHints":{"allow":["GET"]}}],"collection":[{"href":"https:\/\/enconecte.com\/index.php?rest_route=\/wp\/v2\/posts"}],"about":[{"href":"https:\/\/enconecte.com\/index.php?rest_route=\/wp\/v2\/types\/post"}],"author":[{"embeddable":true,"href":"https:\/\/enconecte.com\/index.php?rest_route=\/wp\/v2\/users\/9"}],"replies":[{"embeddable":true,"href":"https:\/\/enconecte.com\/index.php?rest_route=%2Fwp%2Fv2%2Fcomments&post=24797"}],"version-history":[{"count":0,"href":"https:\/\/enconecte.com\/index.php?rest_route=\/wp\/v2\/posts\/24797\/revisions"}],"wp:featuredmedia":[{"embeddable":true,"href":"https:\/\/enconecte.com\/index.php?rest_route=\/wp\/v2\/media\/24798"}],"wp:attachment":[{"href":"https:\/\/enconecte.com\/index.php?rest_route=%2Fwp%2Fv2%2Fmedia&parent=24797"}],"wp:term":[{"taxonomy":"category","embeddable":true,"href":"https:\/\/enconecte.com\/index.php?rest_route=%2Fwp%2Fv2%2Fcategories&post=24797"},{"taxonomy":"post_tag","embeddable":true,"href":"https:\/\/enconecte.com\/index.php?rest_route=%2Fwp%2Fv2%2Ftags&post=24797"}],"curies":[{"name":"wp","href":"https:\/\/api.w.org\/{rel}","templated":true}]}}