{"id":24782,"date":"2025-04-20T13:24:44","date_gmt":"2025-04-20T19:24:44","guid":{"rendered":"https:\/\/enconecte.com\/?p=24782"},"modified":"2025-05-14T13:25:11","modified_gmt":"2025-05-14T19:25:11","slug":"cierra-el-sabado-de-gloria-con-musica-de-banda-y-norteno-en-la-explanada-del-teatro-del-pueblo","status":"publish","type":"post","link":"https:\/\/enconecte.com\/?p=24782","title":{"rendered":"CIERRA EL S\u00c1BADO DE GLORIA CON M\u00daSICA DE BANDA Y NORTE\u00d1O EN LA EXPLANADA DEL TEATRO DEL PUEBLO"},"content":{"rendered":"<p>Para cerrar con broche de oro las actividades del S\u00e1bado de Gloria 2025, la explanada del Teatro del Pueblo vibr\u00f3 al ritmo de la m\u00fasica regional con las presentaciones de Banda La Querendona y Juan Soria y sus Aves Reales de Nuevo Le\u00f3n.<br \/>\nEn un ambiente de fiesta total, los asistentes disfrutaron de una noche llena de alegr\u00eda, canto y baile. El toque emotivo de la jornada lo puso Juan Soria, quien con su estilo norte\u00f1o conquist\u00f3 al p\u00fablico con un repertorio cargado de sentimiento y canciones muy llegadoras.<br \/>\nPor su parte, la banda jerezana La Querendona encendi\u00f3 los \u00e1nimos con interpretaciones llenas de ritmo, pasi\u00f3n y mucho coraz\u00f3n, haciendo vibrar a las personas que se dieron cita en el m\u00e1s alegre de los\u00a0Pueblo\u00a0M\u00e1gicos.<\/p>\n<p><a  href=\"https:\/\/enconecte.com\/wp-content\/uploads\/2025\/05\/Imagen-de-WhatsApp-2025-04-20-a-las-07.11.06_74a375aa.jpg\" data-rel=\"lightbox-gallery-0\" data-rl_title=\"\" data-rl_caption=\"\" title=\"\"><img loading=\"lazy\" decoding=\"async\" class=\"alignnone size-full wp-image-24784\" src=\"https:\/\/enconecte.com\/wp-content\/uploads\/2025\/05\/Imagen-de-WhatsApp-2025-04-20-a-las-07.11.06_74a375aa.jpg\" alt=\"\" width=\"1280\" height=\"853\" srcset=\"https:\/\/enconecte.com\/wp-content\/uploads\/2025\/05\/Imagen-de-WhatsApp-2025-04-20-a-las-07.11.06_74a375aa.jpg 1280w, https:\/\/enconecte.com\/wp-content\/uploads\/2025\/05\/Imagen-de-WhatsApp-2025-04-20-a-las-07.11.06_74a375aa-300x200.jpg 300w, https:\/\/enconecte.com\/wp-content\/uploads\/2025\/05\/Imagen-de-WhatsApp-2025-04-20-a-las-07.11.06_74a375aa-1024x682.jpg 1024w, https:\/\/enconecte.com\/wp-content\/uploads\/2025\/05\/Imagen-de-WhatsApp-2025-04-20-a-las-07.11.06_74a375aa-768x512.jpg 768w\" sizes=\"auto, (max-width: 1280px) 100vw, 1280px\" \/><\/a><\/p>\n","protected":false},"excerpt":{"rendered":"<p>Para cerrar con broche de oro las actividades del S\u00e1bado de Gloria 2025, la explanada del Teatro del Pueblo vibr\u00f3 al ritmo de la m\u00fasica regional con las presentaciones de Banda La Querendona y Juan Soria y sus Aves Reales de Nuevo Le\u00f3n. En un ambiente de fiesta total, los asistentes disfrutaron de una noche [&hellip;]<\/p>\n","protected":false},"author":9,"featured_media":24783,"comment_status":"closed","ping_status":"closed","sticky":false,"template":"","format":"standard","meta":{"footnotes":""},"categories":[2175,1370],"tags":[],"class_list":["post-24782","post","type-post","status-publish","format-standard","has-post-thumbnail","hentry","category-feria-jerez","category-jerez"],"_links":{"self":[{"href":"https:\/\/enconecte.com\/index.php?rest_route=\/wp\/v2\/posts\/24782","targetHints":{"allow":["GET"]}}],"collection":[{"href":"https:\/\/enconecte.com\/index.php?rest_route=\/wp\/v2\/posts"}],"about":[{"href":"https:\/\/enconecte.com\/index.php?rest_route=\/wp\/v2\/types\/post"}],"author":[{"embeddable":true,"href":"https:\/\/enconecte.com\/index.php?rest_route=\/wp\/v2\/users\/9"}],"replies":[{"embeddable":true,"href":"https:\/\/enconecte.com\/index.php?rest_route=%2Fwp%2Fv2%2Fcomments&post=24782"}],"version-history":[{"count":0,"href":"https:\/\/enconecte.com\/index.php?rest_route=\/wp\/v2\/posts\/24782\/revisions"}],"wp:featuredmedia":[{"embeddable":true,"href":"https:\/\/enconecte.com\/index.php?rest_route=\/wp\/v2\/media\/24783"}],"wp:attachment":[{"href":"https:\/\/enconecte.com\/index.php?rest_route=%2Fwp%2Fv2%2Fmedia&parent=24782"}],"wp:term":[{"taxonomy":"category","embeddable":true,"href":"https:\/\/enconecte.com\/index.php?rest_route=%2Fwp%2Fv2%2Fcategories&post=24782"},{"taxonomy":"post_tag","embeddable":true,"href":"https:\/\/enconecte.com\/index.php?rest_route=%2Fwp%2Fv2%2Ftags&post=24782"}],"curies":[{"name":"wp","href":"https:\/\/api.w.org\/{rel}","templated":true}]}}