{"id":24779,"date":"2025-04-19T13:23:54","date_gmt":"2025-04-19T19:23:54","guid":{"rendered":"https:\/\/enconecte.com\/?p=24779"},"modified":"2025-05-14T13:24:29","modified_gmt":"2025-05-14T19:24:29","slug":"jerez-se-viste-de-fiesta-y-tradicion-con-el-sabado-de-gloria-2025","status":"publish","type":"post","link":"https:\/\/enconecte.com\/?p=24779","title":{"rendered":"JEREZ SE VISTE DE FIESTA Y TRADICI\u00d3N CON EL S\u00c1BADO DE GLORIA 2025"},"content":{"rendered":"<p>La fiesta y la tradici\u00f3n vistieron de alegr\u00eda a Jerez con el S\u00e1bado de Gloria de la Feria de la Primavera 2025, uno de los eventos m\u00e1s reconocidos a nivel nacional y distintivo del pueblo m\u00e1gico m\u00e1s alegre de M\u00e9xico. La jornada dio inicio con la gran Cabalgata Charra, encabezada por el alcalde Rodrigo Ure\u00f1o Ba\u00f1uelos y el Secretario General de Gobierno del Estado, Rodrigo Reyes Murg\u00fcerza.<br \/>\nTras el tradicional corte de soga, y ante la presencia de miles de personas, entre locales y visitantes que abarrotaron el Centro Hist\u00f3rico, se abri\u00f3 paso el gran contingente de cabalgantes, conformado por autoridades, representantes de diversos sectores y ciudadanos. El recorrido avanz\u00f3 hasta el Santuario de la Virgen de la Soledad, donde se realiz\u00f3 una ofrenda y se guardaron unos minutos de silencio en se\u00f1al de respeto, para luego continuar el trayecto acompa\u00f1ados por bandas musicales locales.<br \/>\nPosteriormente, se escucharon los estruendos de la tradicional Quema de Judas, que fueron lazados y arrastrados por los jinetes en distintos puntos del centro y la ciudad, para deleite del p\u00fablico, entre el cual se encontraban personalidades como la diputada federal Julia Olgu\u00edn; el diputado federal Ulises Mej\u00eda; el Secretario de Turismo del Estado, Le Roy Barrag\u00e1n; el Secretario de Seguridad P\u00fablica del Estado, Arturo Medina Mayoral; y el comandante del Batall\u00f3n de Infanter\u00eda de Zacatecas de la Guardia Nacional, Manuel Azamar, entre otros.<br \/>\nTanto en las plazas principales como en las calles aleda\u00f1as, conjuntos musicales, en escenarios y a pie, animaron la algarab\u00eda de los asistentes, quienes llegaron de diversas partes del estado, del pa\u00eds, de la Uni\u00f3n Americana e incluso de otros pa\u00edses. Fue notoria la amena convivencia entre familias y amigos, todo ello bajo el resguardo de un importante dispositivo\u00a0de\u00a0seguridad.<\/p>\n<p><a  href=\"https:\/\/enconecte.com\/wp-content\/uploads\/2025\/05\/Imagen-de-WhatsApp-2025-04-19-a-las-13.51.28_9d09e249.jpg\" data-rel=\"lightbox-gallery-0\" data-rl_title=\"\" data-rl_caption=\"\" title=\"\"><img loading=\"lazy\" decoding=\"async\" class=\"alignnone size-full wp-image-24781\" src=\"https:\/\/enconecte.com\/wp-content\/uploads\/2025\/05\/Imagen-de-WhatsApp-2025-04-19-a-las-13.51.28_9d09e249.jpg\" alt=\"\" width=\"1280\" height=\"853\" srcset=\"https:\/\/enconecte.com\/wp-content\/uploads\/2025\/05\/Imagen-de-WhatsApp-2025-04-19-a-las-13.51.28_9d09e249.jpg 1280w, https:\/\/enconecte.com\/wp-content\/uploads\/2025\/05\/Imagen-de-WhatsApp-2025-04-19-a-las-13.51.28_9d09e249-300x200.jpg 300w, https:\/\/enconecte.com\/wp-content\/uploads\/2025\/05\/Imagen-de-WhatsApp-2025-04-19-a-las-13.51.28_9d09e249-1024x682.jpg 1024w, https:\/\/enconecte.com\/wp-content\/uploads\/2025\/05\/Imagen-de-WhatsApp-2025-04-19-a-las-13.51.28_9d09e249-768x512.jpg 768w\" sizes=\"auto, (max-width: 1280px) 100vw, 1280px\" \/><\/a><\/p>\n","protected":false},"excerpt":{"rendered":"<p>La fiesta y la tradici\u00f3n vistieron de alegr\u00eda a Jerez con el S\u00e1bado de Gloria de la Feria de la Primavera 2025, uno de los eventos m\u00e1s reconocidos a nivel nacional y distintivo del pueblo m\u00e1gico m\u00e1s alegre de M\u00e9xico. La jornada dio inicio con la gran Cabalgata Charra, encabezada por el alcalde Rodrigo Ure\u00f1o [&hellip;]<\/p>\n","protected":false},"author":9,"featured_media":24780,"comment_status":"closed","ping_status":"closed","sticky":false,"template":"","format":"standard","meta":{"footnotes":""},"categories":[2175,1370],"tags":[],"class_list":["post-24779","post","type-post","status-publish","format-standard","has-post-thumbnail","hentry","category-feria-jerez","category-jerez"],"_links":{"self":[{"href":"https:\/\/enconecte.com\/index.php?rest_route=\/wp\/v2\/posts\/24779","targetHints":{"allow":["GET"]}}],"collection":[{"href":"https:\/\/enconecte.com\/index.php?rest_route=\/wp\/v2\/posts"}],"about":[{"href":"https:\/\/enconecte.com\/index.php?rest_route=\/wp\/v2\/types\/post"}],"author":[{"embeddable":true,"href":"https:\/\/enconecte.com\/index.php?rest_route=\/wp\/v2\/users\/9"}],"replies":[{"embeddable":true,"href":"https:\/\/enconecte.com\/index.php?rest_route=%2Fwp%2Fv2%2Fcomments&post=24779"}],"version-history":[{"count":0,"href":"https:\/\/enconecte.com\/index.php?rest_route=\/wp\/v2\/posts\/24779\/revisions"}],"wp:featuredmedia":[{"embeddable":true,"href":"https:\/\/enconecte.com\/index.php?rest_route=\/wp\/v2\/media\/24780"}],"wp:attachment":[{"href":"https:\/\/enconecte.com\/index.php?rest_route=%2Fwp%2Fv2%2Fmedia&parent=24779"}],"wp:term":[{"taxonomy":"category","embeddable":true,"href":"https:\/\/enconecte.com\/index.php?rest_route=%2Fwp%2Fv2%2Fcategories&post=24779"},{"taxonomy":"post_tag","embeddable":true,"href":"https:\/\/enconecte.com\/index.php?rest_route=%2Fwp%2Fv2%2Ftags&post=24779"}],"curies":[{"name":"wp","href":"https:\/\/api.w.org\/{rel}","templated":true}]}}