{"id":24619,"date":"2025-03-10T21:02:10","date_gmt":"2025-03-11T03:02:10","guid":{"rendered":"https:\/\/enconecte.com\/?p=24619"},"modified":"2025-03-11T23:11:40","modified_gmt":"2025-03-12T05:11:40","slug":"homenaje-a-pioneras-del-softbol","status":"publish","type":"post","link":"https:\/\/enconecte.com\/?p=24619","title":{"rendered":"HOMENAJE A PIONERAS DEL S\u00d3FTBOL"},"content":{"rendered":"<p>La Coordinaci\u00f3n Municipal del Deporte, a cargo de Alberto del Real, reconoci\u00f3 a mujeres pioneras del s\u00f3ftbol durante un torneo de la liga, enmarcado en las actividades del D\u00eda Internacional de la Mujer.<br \/>\nMartha Alamillo Guzm\u00e1n, directora del DIF Jerez, en representaci\u00f3n del presidente municipal Rodrigo Ure\u00f1o, asisti\u00f3 al Estadio de B\u00e9isbol para rendir homenaje a la trayectoria deportiva de Hermelinda Vega Lozano, Blanca Estela Bonilla Ram\u00edrez y Sof\u00eda de la Torre Soriano.<br \/>\nLas autoridades municipales, junto con la presidenta de la Liga Femenil de S\u00f3ftbol, Yesenia Bibiano, premiaron a las ganadoras del torneo, el equipo Angelitas, as\u00ed como al subcampe\u00f3n, Jomulquillo. Tambi\u00e9n participaron los equipos Santa Rita, Lo de Luna, Ci\u00e9nega, Felinas y Tanque\u00a0de\u00a0San\u00a0Juan.<\/p>\n<p><a  href=\"https:\/\/enconecte.com\/wp-content\/uploads\/2025\/03\/Imagen-de-WhatsApp-2025-03-10-a-las-14.12.21_7c31dc16.jpg\" data-rel=\"lightbox-gallery-0\" data-rl_title=\"\" data-rl_caption=\"\" title=\"\"><img loading=\"lazy\" decoding=\"async\" class=\"alignnone size-full wp-image-24621\" src=\"https:\/\/enconecte.com\/wp-content\/uploads\/2025\/03\/Imagen-de-WhatsApp-2025-03-10-a-las-14.12.21_7c31dc16.jpg\" alt=\"\" width=\"1600\" height=\"1066\" srcset=\"https:\/\/enconecte.com\/wp-content\/uploads\/2025\/03\/Imagen-de-WhatsApp-2025-03-10-a-las-14.12.21_7c31dc16.jpg 1600w, https:\/\/enconecte.com\/wp-content\/uploads\/2025\/03\/Imagen-de-WhatsApp-2025-03-10-a-las-14.12.21_7c31dc16-300x200.jpg 300w, https:\/\/enconecte.com\/wp-content\/uploads\/2025\/03\/Imagen-de-WhatsApp-2025-03-10-a-las-14.12.21_7c31dc16-1024x682.jpg 1024w, https:\/\/enconecte.com\/wp-content\/uploads\/2025\/03\/Imagen-de-WhatsApp-2025-03-10-a-las-14.12.21_7c31dc16-768x512.jpg 768w, https:\/\/enconecte.com\/wp-content\/uploads\/2025\/03\/Imagen-de-WhatsApp-2025-03-10-a-las-14.12.21_7c31dc16-1536x1023.jpg 1536w\" sizes=\"auto, (max-width: 1600px) 100vw, 1600px\" \/><\/a><\/p>\n","protected":false},"excerpt":{"rendered":"<p>La Coordinaci\u00f3n Municipal del Deporte, a cargo de Alberto del Real, reconoci\u00f3 a mujeres pioneras del s\u00f3ftbol durante un torneo de la liga, enmarcado en las actividades del D\u00eda Internacional de la Mujer. Martha Alamillo Guzm\u00e1n, directora del DIF Jerez, en representaci\u00f3n del presidente municipal Rodrigo Ure\u00f1o, asisti\u00f3 al Estadio de B\u00e9isbol para rendir homenaje [&hellip;]<\/p>\n","protected":false},"author":9,"featured_media":24620,"comment_status":"closed","ping_status":"closed","sticky":false,"template":"","format":"standard","meta":{"footnotes":""},"categories":[1370],"tags":[],"class_list":["post-24619","post","type-post","status-publish","format-standard","has-post-thumbnail","hentry","category-jerez"],"_links":{"self":[{"href":"https:\/\/enconecte.com\/index.php?rest_route=\/wp\/v2\/posts\/24619","targetHints":{"allow":["GET"]}}],"collection":[{"href":"https:\/\/enconecte.com\/index.php?rest_route=\/wp\/v2\/posts"}],"about":[{"href":"https:\/\/enconecte.com\/index.php?rest_route=\/wp\/v2\/types\/post"}],"author":[{"embeddable":true,"href":"https:\/\/enconecte.com\/index.php?rest_route=\/wp\/v2\/users\/9"}],"replies":[{"embeddable":true,"href":"https:\/\/enconecte.com\/index.php?rest_route=%2Fwp%2Fv2%2Fcomments&post=24619"}],"version-history":[{"count":0,"href":"https:\/\/enconecte.com\/index.php?rest_route=\/wp\/v2\/posts\/24619\/revisions"}],"wp:featuredmedia":[{"embeddable":true,"href":"https:\/\/enconecte.com\/index.php?rest_route=\/wp\/v2\/media\/24620"}],"wp:attachment":[{"href":"https:\/\/enconecte.com\/index.php?rest_route=%2Fwp%2Fv2%2Fmedia&parent=24619"}],"wp:term":[{"taxonomy":"category","embeddable":true,"href":"https:\/\/enconecte.com\/index.php?rest_route=%2Fwp%2Fv2%2Fcategories&post=24619"},{"taxonomy":"post_tag","embeddable":true,"href":"https:\/\/enconecte.com\/index.php?rest_route=%2Fwp%2Fv2%2Ftags&post=24619"}],"curies":[{"name":"wp","href":"https:\/\/api.w.org\/{rel}","templated":true}]}}