{"id":24471,"date":"2025-02-02T19:45:01","date_gmt":"2025-02-03T01:45:01","guid":{"rendered":"https:\/\/enconecte.com\/?p=24471"},"modified":"2025-03-11T20:19:13","modified_gmt":"2025-03-12T02:19:13","slug":"conmemoran-en-jerez-el-142-aniversario-del-natalicio-de-candelario-huizar","status":"publish","type":"post","link":"https:\/\/enconecte.com\/?p=24471","title":{"rendered":"CONMEMORAN EN JEREZ EL 142 ANIVERSARIO DEL NATALICIO DE CANDELARIO HU\u00cdZAR"},"content":{"rendered":"<p>El Gobierno Municipal de Jerez, encabezado por el alcalde Rodrigo Ure\u00f1o Ba\u00f1uelos, a trav\u00e9s del Instituto Jerezano de Cultura (IJC), conmemor\u00f3 el 142\u00b0 aniversario del natalicio del artista Candelario Hu\u00edzar, cuyo legado sinf\u00f3nico dej\u00f3 una huella significativa en la m\u00fasica mexicana.<br \/>\nPara mantener viva la obra del destacado compositor de numerosas piezas para orquesta y diversos g\u00e9neros, autoridades municipales y educativas colocaron ofrendas florales y montaron guardias de honor en el busto del ilustre m\u00fasico. Adem\u00e1s, se llev\u00f3 a cabo un programa art\u00edstico con la participaci\u00f3n de talentos locales en oratoria, piano y guitarra.<br \/>\nEl evento cont\u00f3 con la presencia del director de Desarrollo Econ\u00f3mico, David Ju\u00e1rez; los regidores Mar\u00eda Sifuentes y Javier Luna; la titular del IJC, Mar\u00eda Rodr\u00edguez; la jefa de la Regi\u00f3n Escolar 8 Federal, Blanca\u00a0Rodr\u00edguez.<\/p>\n<p><a  href=\"https:\/\/enconecte.com\/wp-content\/uploads\/2025\/02\/Imagen-de-WhatsApp-2025-02-02-a-las-16.44.11_974913e2.jpg\" data-rel=\"lightbox-gallery-0\" data-rl_title=\"\" data-rl_caption=\"\" title=\"\"><img loading=\"lazy\" decoding=\"async\" class=\"alignnone size-full wp-image-24473\" src=\"https:\/\/enconecte.com\/wp-content\/uploads\/2025\/02\/Imagen-de-WhatsApp-2025-02-02-a-las-16.44.11_974913e2.jpg\" alt=\"\" width=\"1600\" height=\"1066\" srcset=\"https:\/\/enconecte.com\/wp-content\/uploads\/2025\/02\/Imagen-de-WhatsApp-2025-02-02-a-las-16.44.11_974913e2.jpg 1600w, https:\/\/enconecte.com\/wp-content\/uploads\/2025\/02\/Imagen-de-WhatsApp-2025-02-02-a-las-16.44.11_974913e2-300x200.jpg 300w, https:\/\/enconecte.com\/wp-content\/uploads\/2025\/02\/Imagen-de-WhatsApp-2025-02-02-a-las-16.44.11_974913e2-1024x682.jpg 1024w, https:\/\/enconecte.com\/wp-content\/uploads\/2025\/02\/Imagen-de-WhatsApp-2025-02-02-a-las-16.44.11_974913e2-768x512.jpg 768w, https:\/\/enconecte.com\/wp-content\/uploads\/2025\/02\/Imagen-de-WhatsApp-2025-02-02-a-las-16.44.11_974913e2-1536x1023.jpg 1536w\" sizes=\"auto, (max-width: 1600px) 100vw, 1600px\" \/><\/a><\/p>\n","protected":false},"excerpt":{"rendered":"<p>El Gobierno Municipal de Jerez, encabezado por el alcalde Rodrigo Ure\u00f1o Ba\u00f1uelos, a trav\u00e9s del Instituto Jerezano de Cultura (IJC), conmemor\u00f3 el 142\u00b0 aniversario del natalicio del artista Candelario Hu\u00edzar, cuyo legado sinf\u00f3nico dej\u00f3 una huella significativa en la m\u00fasica mexicana. Para mantener viva la obra del destacado compositor de numerosas piezas para orquesta y [&hellip;]<\/p>\n","protected":false},"author":9,"featured_media":24472,"comment_status":"closed","ping_status":"closed","sticky":false,"template":"","format":"standard","meta":{"footnotes":""},"categories":[1370],"tags":[],"class_list":["post-24471","post","type-post","status-publish","format-standard","has-post-thumbnail","hentry","category-jerez"],"_links":{"self":[{"href":"https:\/\/enconecte.com\/index.php?rest_route=\/wp\/v2\/posts\/24471","targetHints":{"allow":["GET"]}}],"collection":[{"href":"https:\/\/enconecte.com\/index.php?rest_route=\/wp\/v2\/posts"}],"about":[{"href":"https:\/\/enconecte.com\/index.php?rest_route=\/wp\/v2\/types\/post"}],"author":[{"embeddable":true,"href":"https:\/\/enconecte.com\/index.php?rest_route=\/wp\/v2\/users\/9"}],"replies":[{"embeddable":true,"href":"https:\/\/enconecte.com\/index.php?rest_route=%2Fwp%2Fv2%2Fcomments&post=24471"}],"version-history":[{"count":0,"href":"https:\/\/enconecte.com\/index.php?rest_route=\/wp\/v2\/posts\/24471\/revisions"}],"wp:featuredmedia":[{"embeddable":true,"href":"https:\/\/enconecte.com\/index.php?rest_route=\/wp\/v2\/media\/24472"}],"wp:attachment":[{"href":"https:\/\/enconecte.com\/index.php?rest_route=%2Fwp%2Fv2%2Fmedia&parent=24471"}],"wp:term":[{"taxonomy":"category","embeddable":true,"href":"https:\/\/enconecte.com\/index.php?rest_route=%2Fwp%2Fv2%2Fcategories&post=24471"},{"taxonomy":"post_tag","embeddable":true,"href":"https:\/\/enconecte.com\/index.php?rest_route=%2Fwp%2Fv2%2Ftags&post=24471"}],"curies":[{"name":"wp","href":"https:\/\/api.w.org\/{rel}","templated":true}]}}