{"id":24442,"date":"2025-01-25T19:23:36","date_gmt":"2025-01-26T01:23:36","guid":{"rendered":"https:\/\/enconecte.com\/?p=24442"},"modified":"2025-02-25T19:24:36","modified_gmt":"2025-02-26T01:24:36","slug":"inicia-maestria-en-educacion-de-la-unid-en-jerez","status":"publish","type":"post","link":"https:\/\/enconecte.com\/?p=24442","title":{"rendered":"INICIA MAESTR\u00cdA EN EDUCACI\u00d3N DE LA UNID EN JEREZ"},"content":{"rendered":"<p>Se efectu\u00f3 la declaratoria oficial y primer d\u00eda de clases de la Maestr\u00eda en Educaci\u00f3n de la Universidad para el Desarrollo (UNID) que inicia actividades en el municipio.<br \/>\nAdem\u00e1s de reconocer el respaldo del presidente municipal Rodrigo Ure\u00f1o a favor de la educaci\u00f3n, el rector de la instituci\u00f3n Jorge Eduardo Rodr\u00edguez Salazar dio la bienvenida a los alumnos expresando que inician la transformaci\u00f3n del conocimiento que cambiar\u00e1 sus vidas a trav\u00e9s de la profesionalizaci\u00f3n. Finalmente agradeci\u00f3 al director de la escuela primaria Benito Ju\u00e1rez, Pedro de la Torre, por las facilidades para que provisionalmente se impartan las clases en\u00a0este\u00a0espacio.<\/p>\n<p><a  href=\"https:\/\/enconecte.com\/wp-content\/uploads\/2025\/02\/Imagen-de-WhatsApp-2025-01-25-a-las-12.26.25_bc87994b.jpg\" data-rel=\"lightbox-gallery-0\" data-rl_title=\"\" data-rl_caption=\"\" title=\"\"><img loading=\"lazy\" decoding=\"async\" class=\"alignnone size-full wp-image-24444\" src=\"https:\/\/enconecte.com\/wp-content\/uploads\/2025\/02\/Imagen-de-WhatsApp-2025-01-25-a-las-12.26.25_bc87994b.jpg\" alt=\"\" width=\"1280\" height=\"853\" srcset=\"https:\/\/enconecte.com\/wp-content\/uploads\/2025\/02\/Imagen-de-WhatsApp-2025-01-25-a-las-12.26.25_bc87994b.jpg 1280w, https:\/\/enconecte.com\/wp-content\/uploads\/2025\/02\/Imagen-de-WhatsApp-2025-01-25-a-las-12.26.25_bc87994b-300x200.jpg 300w, https:\/\/enconecte.com\/wp-content\/uploads\/2025\/02\/Imagen-de-WhatsApp-2025-01-25-a-las-12.26.25_bc87994b-1024x682.jpg 1024w, https:\/\/enconecte.com\/wp-content\/uploads\/2025\/02\/Imagen-de-WhatsApp-2025-01-25-a-las-12.26.25_bc87994b-768x512.jpg 768w\" sizes=\"auto, (max-width: 1280px) 100vw, 1280px\" \/><\/a><\/p>\n","protected":false},"excerpt":{"rendered":"<p>Se efectu\u00f3 la declaratoria oficial y primer d\u00eda de clases de la Maestr\u00eda en Educaci\u00f3n de la Universidad para el Desarrollo (UNID) que inicia actividades en el municipio. Adem\u00e1s de reconocer el respaldo del presidente municipal Rodrigo Ure\u00f1o a favor de la educaci\u00f3n, el rector de la instituci\u00f3n Jorge Eduardo Rodr\u00edguez Salazar dio la bienvenida [&hellip;]<\/p>\n","protected":false},"author":9,"featured_media":24443,"comment_status":"closed","ping_status":"closed","sticky":false,"template":"","format":"standard","meta":{"footnotes":""},"categories":[1370],"tags":[],"class_list":["post-24442","post","type-post","status-publish","format-standard","has-post-thumbnail","hentry","category-jerez"],"_links":{"self":[{"href":"https:\/\/enconecte.com\/index.php?rest_route=\/wp\/v2\/posts\/24442","targetHints":{"allow":["GET"]}}],"collection":[{"href":"https:\/\/enconecte.com\/index.php?rest_route=\/wp\/v2\/posts"}],"about":[{"href":"https:\/\/enconecte.com\/index.php?rest_route=\/wp\/v2\/types\/post"}],"author":[{"embeddable":true,"href":"https:\/\/enconecte.com\/index.php?rest_route=\/wp\/v2\/users\/9"}],"replies":[{"embeddable":true,"href":"https:\/\/enconecte.com\/index.php?rest_route=%2Fwp%2Fv2%2Fcomments&post=24442"}],"version-history":[{"count":0,"href":"https:\/\/enconecte.com\/index.php?rest_route=\/wp\/v2\/posts\/24442\/revisions"}],"wp:featuredmedia":[{"embeddable":true,"href":"https:\/\/enconecte.com\/index.php?rest_route=\/wp\/v2\/media\/24443"}],"wp:attachment":[{"href":"https:\/\/enconecte.com\/index.php?rest_route=%2Fwp%2Fv2%2Fmedia&parent=24442"}],"wp:term":[{"taxonomy":"category","embeddable":true,"href":"https:\/\/enconecte.com\/index.php?rest_route=%2Fwp%2Fv2%2Fcategories&post=24442"},{"taxonomy":"post_tag","embeddable":true,"href":"https:\/\/enconecte.com\/index.php?rest_route=%2Fwp%2Fv2%2Ftags&post=24442"}],"curies":[{"name":"wp","href":"https:\/\/api.w.org\/{rel}","templated":true}]}}