{"id":24393,"date":"2025-02-21T20:59:24","date_gmt":"2025-02-22T02:59:24","guid":{"rendered":"https:\/\/enconecte.com\/?p=24393"},"modified":"2025-03-11T20:18:58","modified_gmt":"2025-03-12T02:18:58","slug":"jerez-participara-en-el-primer-festival-de-municipios-hermanos","status":"publish","type":"post","link":"https:\/\/enconecte.com\/?p=24393","title":{"rendered":"JEREZ PARTICIPAR\u00c1 EN EL PRIMER FESTIVAL DE MUNICIPIOS HERMANOS"},"content":{"rendered":"<p>En Sesi\u00f3n Extraordinaria de Cabildo, presidida por el alcalde Rodrigo Ure\u00f1o, las y los integrantes del Ayuntamiento aprobaron por unanimidad la participaci\u00f3n del municipio en el Primer Festival de Municipios Hermanos, evento promovido por el Diputado Federal Ulises Mej\u00eda Haro.<br \/>\nEl festival, que se llevar\u00e1 a cabo el pr\u00f3ximo 24 de febrero en el municipio de Pinos, Zacatecas, tiene como objetivo fortalecer lazos de cooperaci\u00f3n entre comunidades, promoviendo el intercambio de tradiciones, identidad y desarrollo.<br \/>\nAdem\u00e1s de Jerez, en esta primera edici\u00f3n participar\u00e1n los municipios de Jalpa, Calera, Pinos, Guadalupe, Ojocaliente, R\u00edo Grande, Nochistl\u00e1n de Mej\u00eda, Fresnillo y Zacatecas, consolidando as\u00ed una red de colaboraci\u00f3n que permitir\u00e1 impulsar proyectos en beneficio de la ciudadan\u00eda.<br \/>\nCon esta aprobaci\u00f3n, el Presidente Municipal Rodrigo Ure\u00f1o representar\u00e1 a Jerez en este importante encuentro, reafirmando el compromiso de la actual administraci\u00f3n con el trabajo coordinado y la promoci\u00f3n de la cultura, el turismo y el crecimiento\u00a0regional.<\/p>\n<p><a  href=\"https:\/\/enconecte.com\/wp-content\/uploads\/2025\/02\/Imagen-de-WhatsApp-2025-02-21-a-las-15.07.31_3d45bb1d.jpg\" data-rel=\"lightbox-gallery-0\" data-rl_title=\"\" data-rl_caption=\"\" title=\"\"><img loading=\"lazy\" decoding=\"async\" class=\"alignnone size-full wp-image-24394\" src=\"https:\/\/enconecte.com\/wp-content\/uploads\/2025\/02\/Imagen-de-WhatsApp-2025-02-21-a-las-15.07.31_3d45bb1d.jpg\" alt=\"\" width=\"1280\" height=\"853\" srcset=\"https:\/\/enconecte.com\/wp-content\/uploads\/2025\/02\/Imagen-de-WhatsApp-2025-02-21-a-las-15.07.31_3d45bb1d.jpg 1280w, https:\/\/enconecte.com\/wp-content\/uploads\/2025\/02\/Imagen-de-WhatsApp-2025-02-21-a-las-15.07.31_3d45bb1d-300x200.jpg 300w, https:\/\/enconecte.com\/wp-content\/uploads\/2025\/02\/Imagen-de-WhatsApp-2025-02-21-a-las-15.07.31_3d45bb1d-1024x682.jpg 1024w, https:\/\/enconecte.com\/wp-content\/uploads\/2025\/02\/Imagen-de-WhatsApp-2025-02-21-a-las-15.07.31_3d45bb1d-768x512.jpg 768w\" sizes=\"auto, (max-width: 1280px) 100vw, 1280px\" \/><\/a><\/p>\n","protected":false},"excerpt":{"rendered":"<p>En Sesi\u00f3n Extraordinaria de Cabildo, presidida por el alcalde Rodrigo Ure\u00f1o, las y los integrantes del Ayuntamiento aprobaron por unanimidad la participaci\u00f3n del municipio en el Primer Festival de Municipios Hermanos, evento promovido por el Diputado Federal Ulises Mej\u00eda Haro. El festival, que se llevar\u00e1 a cabo el pr\u00f3ximo 24 de febrero en el municipio [&hellip;]<\/p>\n","protected":false},"author":9,"featured_media":24395,"comment_status":"closed","ping_status":"closed","sticky":false,"template":"","format":"standard","meta":{"footnotes":""},"categories":[1370],"tags":[],"class_list":["post-24393","post","type-post","status-publish","format-standard","has-post-thumbnail","hentry","category-jerez"],"_links":{"self":[{"href":"https:\/\/enconecte.com\/index.php?rest_route=\/wp\/v2\/posts\/24393","targetHints":{"allow":["GET"]}}],"collection":[{"href":"https:\/\/enconecte.com\/index.php?rest_route=\/wp\/v2\/posts"}],"about":[{"href":"https:\/\/enconecte.com\/index.php?rest_route=\/wp\/v2\/types\/post"}],"author":[{"embeddable":true,"href":"https:\/\/enconecte.com\/index.php?rest_route=\/wp\/v2\/users\/9"}],"replies":[{"embeddable":true,"href":"https:\/\/enconecte.com\/index.php?rest_route=%2Fwp%2Fv2%2Fcomments&post=24393"}],"version-history":[{"count":0,"href":"https:\/\/enconecte.com\/index.php?rest_route=\/wp\/v2\/posts\/24393\/revisions"}],"wp:featuredmedia":[{"embeddable":true,"href":"https:\/\/enconecte.com\/index.php?rest_route=\/wp\/v2\/media\/24395"}],"wp:attachment":[{"href":"https:\/\/enconecte.com\/index.php?rest_route=%2Fwp%2Fv2%2Fmedia&parent=24393"}],"wp:term":[{"taxonomy":"category","embeddable":true,"href":"https:\/\/enconecte.com\/index.php?rest_route=%2Fwp%2Fv2%2Fcategories&post=24393"},{"taxonomy":"post_tag","embeddable":true,"href":"https:\/\/enconecte.com\/index.php?rest_route=%2Fwp%2Fv2%2Ftags&post=24393"}],"curies":[{"name":"wp","href":"https:\/\/api.w.org\/{rel}","templated":true}]}}