{"id":24378,"date":"2025-02-15T20:56:43","date_gmt":"2025-02-16T02:56:43","guid":{"rendered":"https:\/\/enconecte.com\/?p=24378"},"modified":"2025-03-11T20:18:58","modified_gmt":"2025-03-12T02:18:58","slug":"si-acepto-34-parejas-celebran-su-amor-en-jerez","status":"publish","type":"post","link":"https:\/\/enconecte.com\/?p=24378","title":{"rendered":"S\u00cd, ACEPTO: 34 PAREJAS CELEBRAN SU AMOR EN JEREZ"},"content":{"rendered":"<p>El Presidente Municipal, Rodrigo Ure\u00f1o, encabez\u00f3 la ceremonia de matrimonios colectivos en la que 34 parejas oficializaron su uni\u00f3n ante la ley.<br \/>\nAcompa\u00f1ado de su esposa, Estefana Casas, presidenta honor\u00edfica del DIF, el alcalde felicit\u00f3 a los contrayentes y les expres\u00f3 sus mejores deseos en esta nueva etapa de sus vidas. &#8220;El matrimonio es la base de la familia, as\u00ed que felicidades por este gran paso y a seguir adelante&#8221;, recalc\u00f3.<br \/>\nAsimismo, agradeci\u00f3 a los directores, regidores y encargados de \u00e1rea por su colaboraci\u00f3n en la organizaci\u00f3n del evento y en los detalles para los reci\u00e9n casados.<br \/>\nPor su parte, el Oficial del Registro Civil, \u00d3scar Iv\u00e1n Esquivel, reconoci\u00f3 la decisi\u00f3n de las parejas de darle certeza jur\u00eddica a su relaci\u00f3n, destacando que el matrimonio es una pieza fundamental para el desarrollo de la sociedad. Adem\u00e1s, subray\u00f3 que &#8220;a esta vida se viene a amar y el matrimonio se construye y fortalece d\u00eda a d\u00eda&#8221;.<br \/>\nPosteriormente, se dio lectura a la normatividad correspondiente y, finalmente, las parejas pronunciaron el &#8220;s\u00ed&#8221; definitivo.<br \/>\nComo testigos de honor participaron la Tesorera Municipal, M\u00f3nica Alejandra Mart\u00ednez Duarte; el Secretario de Gobierno, Samuel Berumen, as\u00ed como el presidente municipal y su esposa.<br \/>\nPrevio a la ceremonia, un mariachi ameniz\u00f3 el evento, y al concluir, los festejados continuaron la celebraci\u00f3n con una callejoneada por el centro hist\u00f3rico\u00a0del\u00a0municipio.<\/p>\n<p><a  href=\"https:\/\/enconecte.com\/wp-content\/uploads\/2025\/02\/Imagen-de-WhatsApp-2025-02-15-a-las-09.27.11_86e0619e.jpg\" data-rel=\"lightbox-gallery-0\" data-rl_title=\"\" data-rl_caption=\"\" title=\"\"><img loading=\"lazy\" decoding=\"async\" class=\"alignnone size-full wp-image-24380\" src=\"https:\/\/enconecte.com\/wp-content\/uploads\/2025\/02\/Imagen-de-WhatsApp-2025-02-15-a-las-09.27.11_86e0619e.jpg\" alt=\"\" width=\"1600\" height=\"1066\" srcset=\"https:\/\/enconecte.com\/wp-content\/uploads\/2025\/02\/Imagen-de-WhatsApp-2025-02-15-a-las-09.27.11_86e0619e.jpg 1600w, https:\/\/enconecte.com\/wp-content\/uploads\/2025\/02\/Imagen-de-WhatsApp-2025-02-15-a-las-09.27.11_86e0619e-300x200.jpg 300w, https:\/\/enconecte.com\/wp-content\/uploads\/2025\/02\/Imagen-de-WhatsApp-2025-02-15-a-las-09.27.11_86e0619e-1024x682.jpg 1024w, https:\/\/enconecte.com\/wp-content\/uploads\/2025\/02\/Imagen-de-WhatsApp-2025-02-15-a-las-09.27.11_86e0619e-768x512.jpg 768w, https:\/\/enconecte.com\/wp-content\/uploads\/2025\/02\/Imagen-de-WhatsApp-2025-02-15-a-las-09.27.11_86e0619e-1536x1023.jpg 1536w\" sizes=\"auto, (max-width: 1600px) 100vw, 1600px\" \/><\/a><\/p>\n","protected":false},"excerpt":{"rendered":"<p>El Presidente Municipal, Rodrigo Ure\u00f1o, encabez\u00f3 la ceremonia de matrimonios colectivos en la que 34 parejas oficializaron su uni\u00f3n ante la ley. Acompa\u00f1ado de su esposa, Estefana Casas, presidenta honor\u00edfica del DIF, el alcalde felicit\u00f3 a los contrayentes y les expres\u00f3 sus mejores deseos en esta nueva etapa de sus vidas. &#8220;El matrimonio es la [&hellip;]<\/p>\n","protected":false},"author":9,"featured_media":24379,"comment_status":"closed","ping_status":"closed","sticky":false,"template":"","format":"standard","meta":{"footnotes":""},"categories":[1370],"tags":[],"class_list":["post-24378","post","type-post","status-publish","format-standard","has-post-thumbnail","hentry","category-jerez"],"_links":{"self":[{"href":"https:\/\/enconecte.com\/index.php?rest_route=\/wp\/v2\/posts\/24378","targetHints":{"allow":["GET"]}}],"collection":[{"href":"https:\/\/enconecte.com\/index.php?rest_route=\/wp\/v2\/posts"}],"about":[{"href":"https:\/\/enconecte.com\/index.php?rest_route=\/wp\/v2\/types\/post"}],"author":[{"embeddable":true,"href":"https:\/\/enconecte.com\/index.php?rest_route=\/wp\/v2\/users\/9"}],"replies":[{"embeddable":true,"href":"https:\/\/enconecte.com\/index.php?rest_route=%2Fwp%2Fv2%2Fcomments&post=24378"}],"version-history":[{"count":0,"href":"https:\/\/enconecte.com\/index.php?rest_route=\/wp\/v2\/posts\/24378\/revisions"}],"wp:featuredmedia":[{"embeddable":true,"href":"https:\/\/enconecte.com\/index.php?rest_route=\/wp\/v2\/media\/24379"}],"wp:attachment":[{"href":"https:\/\/enconecte.com\/index.php?rest_route=%2Fwp%2Fv2%2Fmedia&parent=24378"}],"wp:term":[{"taxonomy":"category","embeddable":true,"href":"https:\/\/enconecte.com\/index.php?rest_route=%2Fwp%2Fv2%2Fcategories&post=24378"},{"taxonomy":"post_tag","embeddable":true,"href":"https:\/\/enconecte.com\/index.php?rest_route=%2Fwp%2Fv2%2Ftags&post=24378"}],"curies":[{"name":"wp","href":"https:\/\/api.w.org\/{rel}","templated":true}]}}