{"id":24366,"date":"2025-02-07T20:53:54","date_gmt":"2025-02-08T02:53:54","guid":{"rendered":"https:\/\/enconecte.com\/?p=24366"},"modified":"2025-03-11T20:19:12","modified_gmt":"2025-03-12T02:19:12","slug":"rodrigo-ureno-representa-a-jerez-en-asamblea-de-ciudades-mexicanas-patrimonio-mundial","status":"publish","type":"post","link":"https:\/\/enconecte.com\/?p=24366","title":{"rendered":"RODRIGO URE\u00d1O REPRESENTA A JEREZ EN ASAMBLEA DE CIUDADES MEXICANAS PATRIMONIO MUNDIAL"},"content":{"rendered":"<ul>\n<li>Atendiendo a la invitaci\u00f3n del diputado federal Ulises Mej\u00eda Haro, el alcalde jerezano participa en este importante foro.<\/li>\n<\/ul>\n<p>Atendiendo la invitaci\u00f3n del Diputado Federal Ulises Mej\u00eda Haro, el Presidente Municipal de Jerez, Rodrigo Ure\u00f1o, particip\u00f3 en la Asamblea de Ciudades Mexicanas Patrimonio Mundial, un espacio de di\u00e1logo e intercambio de experiencias para la conservaci\u00f3n y promoci\u00f3n de los sitios hist\u00f3ricos del pa\u00eds.<\/p>\n<p>Con esta participaci\u00f3n, el Gobierno Municipal reafirma su compromiso con la salvaguarda del patrimonio hist\u00f3rico de Jerez, contribuyendo activamente al desarrollo cultural y fortaleciendo su posicionamiento como un destino tur\u00edstico de gran relevancia.<\/p>\n<p>Durante la Asamblea, Ure\u00f1o sostuvo un encuentro con el Diputado Mej\u00eda Haro para dialogar sobre proyectos que impulsen el desarrollo integral de los municipios con patrimonio hist\u00f3rico; d\u00f3nde expuso la necesidad de acciones para proteger el legado patrimonial como lo es el ic\u00f3nico Teatro Hinojosa, testigo inalterable de la historia de Jerez, Zacatecas y M\u00e9xico. D\u00f3nde present\u00f3 un proyecto de rescate de este monumento emblem\u00e1tico, priorizando estrategias que garanticen su conservaci\u00f3n y la cultura e identidad del recinto jerezano.<\/p>\n<p>El Presidente Municipal destac\u00f3 la importancia de estos foros para compartir buenas pr\u00e1cticas que permitan fortalecer el valor cultural y tur\u00edstico de las ciudades patrimoniales, consolid\u00e1ndolas como grandes atractivos para visitantes nacionales e internacionales.<\/p>\n<p>El Gobierno de Jerez continuar\u00e1 impulsando acciones que preserven su riqueza hist\u00f3rica y fomenten el turismo, promoviendo alianzas estrat\u00e9gicas que contribuyan a su desarrollo y proyecci\u00f3n a nivel nacional e\u00a0internacional.<\/p>\n<p><a  href=\"https:\/\/enconecte.com\/wp-content\/uploads\/2025\/02\/Imagen-de-WhatsApp-2025-02-07-a-las-17.20.59_ffcbe6f6-scaled.jpg\" data-rel=\"lightbox-gallery-0\" data-rl_title=\"\" data-rl_caption=\"\" title=\"\"><img loading=\"lazy\" decoding=\"async\" class=\"alignnone size-full wp-image-24368\" src=\"https:\/\/enconecte.com\/wp-content\/uploads\/2025\/02\/Imagen-de-WhatsApp-2025-02-07-a-las-17.20.59_ffcbe6f6-scaled.jpg\" alt=\"\" width=\"2560\" height=\"1440\" srcset=\"https:\/\/enconecte.com\/wp-content\/uploads\/2025\/02\/Imagen-de-WhatsApp-2025-02-07-a-las-17.20.59_ffcbe6f6-scaled.jpg 2560w, https:\/\/enconecte.com\/wp-content\/uploads\/2025\/02\/Imagen-de-WhatsApp-2025-02-07-a-las-17.20.59_ffcbe6f6-300x169.jpg 300w, https:\/\/enconecte.com\/wp-content\/uploads\/2025\/02\/Imagen-de-WhatsApp-2025-02-07-a-las-17.20.59_ffcbe6f6-1024x576.jpg 1024w, https:\/\/enconecte.com\/wp-content\/uploads\/2025\/02\/Imagen-de-WhatsApp-2025-02-07-a-las-17.20.59_ffcbe6f6-768x432.jpg 768w, https:\/\/enconecte.com\/wp-content\/uploads\/2025\/02\/Imagen-de-WhatsApp-2025-02-07-a-las-17.20.59_ffcbe6f6-1536x864.jpg 1536w, https:\/\/enconecte.com\/wp-content\/uploads\/2025\/02\/Imagen-de-WhatsApp-2025-02-07-a-las-17.20.59_ffcbe6f6-2048x1152.jpg 2048w\" sizes=\"auto, (max-width: 2560px) 100vw, 2560px\" \/><\/a><\/p>\n","protected":false},"excerpt":{"rendered":"<p>Atendiendo a la invitaci\u00f3n del diputado federal Ulises Mej\u00eda Haro, el alcalde jerezano participa en este importante foro. Atendiendo la invitaci\u00f3n del Diputado Federal Ulises Mej\u00eda Haro, el Presidente Municipal de Jerez, Rodrigo Ure\u00f1o, particip\u00f3 en la Asamblea de Ciudades Mexicanas Patrimonio Mundial, un espacio de di\u00e1logo e intercambio de experiencias para la conservaci\u00f3n y [&hellip;]<\/p>\n","protected":false},"author":9,"featured_media":24367,"comment_status":"closed","ping_status":"closed","sticky":false,"template":"","format":"standard","meta":{"footnotes":""},"categories":[1370],"tags":[],"class_list":["post-24366","post","type-post","status-publish","format-standard","has-post-thumbnail","hentry","category-jerez"],"_links":{"self":[{"href":"https:\/\/enconecte.com\/index.php?rest_route=\/wp\/v2\/posts\/24366","targetHints":{"allow":["GET"]}}],"collection":[{"href":"https:\/\/enconecte.com\/index.php?rest_route=\/wp\/v2\/posts"}],"about":[{"href":"https:\/\/enconecte.com\/index.php?rest_route=\/wp\/v2\/types\/post"}],"author":[{"embeddable":true,"href":"https:\/\/enconecte.com\/index.php?rest_route=\/wp\/v2\/users\/9"}],"replies":[{"embeddable":true,"href":"https:\/\/enconecte.com\/index.php?rest_route=%2Fwp%2Fv2%2Fcomments&post=24366"}],"version-history":[{"count":0,"href":"https:\/\/enconecte.com\/index.php?rest_route=\/wp\/v2\/posts\/24366\/revisions"}],"wp:featuredmedia":[{"embeddable":true,"href":"https:\/\/enconecte.com\/index.php?rest_route=\/wp\/v2\/media\/24367"}],"wp:attachment":[{"href":"https:\/\/enconecte.com\/index.php?rest_route=%2Fwp%2Fv2%2Fmedia&parent=24366"}],"wp:term":[{"taxonomy":"category","embeddable":true,"href":"https:\/\/enconecte.com\/index.php?rest_route=%2Fwp%2Fv2%2Fcategories&post=24366"},{"taxonomy":"post_tag","embeddable":true,"href":"https:\/\/enconecte.com\/index.php?rest_route=%2Fwp%2Fv2%2Ftags&post=24366"}],"curies":[{"name":"wp","href":"https:\/\/api.w.org\/{rel}","templated":true}]}}