{"id":24297,"date":"2025-01-07T20:37:18","date_gmt":"2025-01-08T02:37:18","guid":{"rendered":"https:\/\/enconecte.com\/?p=24297"},"modified":"2025-02-24T20:37:49","modified_gmt":"2025-02-25T02:37:49","slug":"unidos-por-las-tradiciones-comerciantes-y-gobierno-municipal-celebran-el-dia-de-reyes-en-jerez","status":"publish","type":"post","link":"https:\/\/enconecte.com\/?p=24297","title":{"rendered":"UNIDOS POR LAS TRADICIONES, COMERCIANTES Y GOBIERNO MUNICIPAL CELEBRAN EL D\u00cdA DE REYES EN JEREZ"},"content":{"rendered":"<p>En el marco del D\u00eda de Reyes, el Presidente Municipal Rodrigo Ure\u00f1o, acompa\u00f1ado de su esposa Estefana Casas, parti\u00f3 la primera Mega Rosca en Jerez. La iniciativa, promovida por la Panader\u00eda 7 Millas, fue el eje principal de una festividad que cont\u00f3 con la participaci\u00f3n activa de diversos comercios y empresarios locales.<br \/>\nEn su mensaje, el alcalde Ure\u00f1o, frente a las cientos de familias que se dieron cita para este evento, subray\u00f3 que \u201cHaciendo equipo entre gobierno, comerciantes y empresarios, Jerez es m\u00e1s fuerte\u201d, resaltando la importancia de este tipo de acciones para preservar las tradiciones y atraer tanto a locales como visitantes.<br \/>\nDurante la celebraci\u00f3n, el Presidente Municipal, acompa\u00f1ado de su familia y autoridades locales, reparti\u00f3 juguetes a los ni\u00f1os que encontraron el tradicional \u201cmonito\u201d en la Rosca de Reyes, mientras que aquellos que no lo encontraron recibieron un bolo como muestra de cari\u00f1o.<br \/>\nEl evento fue amenizado por las actuaciones del grupo C\u00f3digo Inicial y la Banda Los Escamilla, quienes pusieron m\u00fasica y alegr\u00eda al festejo. Adem\u00e1s, Ure\u00f1o expres\u00f3 su agradecimiento a los comercios y empresarios que se sumaron a la causa, ya que con su colaboraci\u00f3n y donaciones, se entregaron sonrisas a los peque\u00f1os del municipio.<br \/>\nEntre las empresas participantes destacaron la Panader\u00eda 7 Millas, JM Promotor Tur\u00edstico, Burritos La Palma, Pirotecnia Arellano, Papeler\u00eda La Tarea, Art\u00edculos de Limpieza PROBEJAB, Viajes Especiales M\u00e1rquez, Crematorio y Funerales Nueva Esperanza, Licorer\u00eda El Santo Oficio, El Comedor, Dulce Obsession, Terres Producciones, Gorilas Off Road, Iluminaci\u00f3n Led, Hotel Jard\u00edn, Solana Restaurant, CANACO Zacatecas y Mi Cantina Carta Blanca.<br \/>\nUre\u00f1o finaliz\u00f3 expresando que &#8220;Agradezco a todos los que hicieron posible este evento, porque trabajando en equipo vamos a logra muchas cosas; yo solo no puedo, pero con la colaboraci\u00f3n entre comerciantes y el gobierno municipal demostramos que Jerez\u00a0lo\u00a0tiene\u00a0todo\u201d.<\/p>\n<p><a  href=\"https:\/\/enconecte.com\/wp-content\/uploads\/2025\/02\/Imagen-de-WhatsApp-2025-01-07-a-las-19.51.46_31b75dcc.jpg\" data-rel=\"lightbox-gallery-0\" data-rl_title=\"\" data-rl_caption=\"\" title=\"\"><img loading=\"lazy\" decoding=\"async\" class=\"alignnone size-full wp-image-24298\" src=\"https:\/\/enconecte.com\/wp-content\/uploads\/2025\/02\/Imagen-de-WhatsApp-2025-01-07-a-las-19.51.46_31b75dcc.jpg\" alt=\"\" width=\"1600\" height=\"1066\" srcset=\"https:\/\/enconecte.com\/wp-content\/uploads\/2025\/02\/Imagen-de-WhatsApp-2025-01-07-a-las-19.51.46_31b75dcc.jpg 1600w, https:\/\/enconecte.com\/wp-content\/uploads\/2025\/02\/Imagen-de-WhatsApp-2025-01-07-a-las-19.51.46_31b75dcc-300x200.jpg 300w, https:\/\/enconecte.com\/wp-content\/uploads\/2025\/02\/Imagen-de-WhatsApp-2025-01-07-a-las-19.51.46_31b75dcc-1024x682.jpg 1024w, https:\/\/enconecte.com\/wp-content\/uploads\/2025\/02\/Imagen-de-WhatsApp-2025-01-07-a-las-19.51.46_31b75dcc-768x512.jpg 768w, https:\/\/enconecte.com\/wp-content\/uploads\/2025\/02\/Imagen-de-WhatsApp-2025-01-07-a-las-19.51.46_31b75dcc-1536x1023.jpg 1536w\" sizes=\"auto, (max-width: 1600px) 100vw, 1600px\" \/><\/a><\/p>\n","protected":false},"excerpt":{"rendered":"<p>En el marco del D\u00eda de Reyes, el Presidente Municipal Rodrigo Ure\u00f1o, acompa\u00f1ado de su esposa Estefana Casas, parti\u00f3 la primera Mega Rosca en Jerez. La iniciativa, promovida por la Panader\u00eda 7 Millas, fue el eje principal de una festividad que cont\u00f3 con la participaci\u00f3n activa de diversos comercios y empresarios locales. En su mensaje, [&hellip;]<\/p>\n","protected":false},"author":9,"featured_media":24299,"comment_status":"closed","ping_status":"closed","sticky":false,"template":"","format":"standard","meta":{"footnotes":""},"categories":[1370],"tags":[],"class_list":["post-24297","post","type-post","status-publish","format-standard","has-post-thumbnail","hentry","category-jerez"],"_links":{"self":[{"href":"https:\/\/enconecte.com\/index.php?rest_route=\/wp\/v2\/posts\/24297","targetHints":{"allow":["GET"]}}],"collection":[{"href":"https:\/\/enconecte.com\/index.php?rest_route=\/wp\/v2\/posts"}],"about":[{"href":"https:\/\/enconecte.com\/index.php?rest_route=\/wp\/v2\/types\/post"}],"author":[{"embeddable":true,"href":"https:\/\/enconecte.com\/index.php?rest_route=\/wp\/v2\/users\/9"}],"replies":[{"embeddable":true,"href":"https:\/\/enconecte.com\/index.php?rest_route=%2Fwp%2Fv2%2Fcomments&post=24297"}],"version-history":[{"count":0,"href":"https:\/\/enconecte.com\/index.php?rest_route=\/wp\/v2\/posts\/24297\/revisions"}],"wp:featuredmedia":[{"embeddable":true,"href":"https:\/\/enconecte.com\/index.php?rest_route=\/wp\/v2\/media\/24299"}],"wp:attachment":[{"href":"https:\/\/enconecte.com\/index.php?rest_route=%2Fwp%2Fv2%2Fmedia&parent=24297"}],"wp:term":[{"taxonomy":"category","embeddable":true,"href":"https:\/\/enconecte.com\/index.php?rest_route=%2Fwp%2Fv2%2Fcategories&post=24297"},{"taxonomy":"post_tag","embeddable":true,"href":"https:\/\/enconecte.com\/index.php?rest_route=%2Fwp%2Fv2%2Ftags&post=24297"}],"curies":[{"name":"wp","href":"https:\/\/api.w.org\/{rel}","templated":true}]}}