{"id":24294,"date":"2025-01-07T20:36:30","date_gmt":"2025-01-08T02:36:30","guid":{"rendered":"https:\/\/enconecte.com\/?p=24294"},"modified":"2025-02-24T20:37:00","modified_gmt":"2025-02-25T02:37:00","slug":"abierta-la-convocatoria-de-la-segunda-edicion-del-concurso-de-fotografia-las-morismas-de-las-comunidades-de-jerez-y-sus-fiestas-patronales","status":"publish","type":"post","link":"https:\/\/enconecte.com\/?p=24294","title":{"rendered":"ABIERTA LA CONVOCATORIA DE LA SEGUNDA EDICI\u00d3N DEL CONCURSO DE FOTOGRAF\u00cdA \u201cLAS MORISMAS DE LAS COMUNIDADES DE JEREZ Y SUS FIESTAS PATRONALES\u201d"},"content":{"rendered":"<p>En seguimiento al proyecto de desarrollo y promoci\u00f3n cultural impulsado por el alcalde Rodrigo Ure\u00f1o, el Instituto Jerezano de Cultura (IJC) llev\u00f3 a cabo una rueda de prensa para socializar la convocatoria del concurso de fotograf\u00eda \u201cLas Morismas de las comunidades de Jerez y sus Fiestas Patronales\u201d, en su segunda edici\u00f3n, dedicada este a\u00f1o a la Ermita de Guadalupe. Este concurso tiene como objetivo documentar y preservar nuestra memoria tradicional mediante la fotograf\u00eda.<br \/>\nEl concurso se celebrar\u00e1 el pr\u00f3ximo 12 de enero a partir de las 9:00 de la ma\u00f1ana, enmarcado en la Feria de la Ermita de Guadalupe. El jurado estar\u00e1 compuesto por expertos de amplia trayectoria en el arte y la fotograf\u00eda, asegurando un proceso de selecci\u00f3n riguroso y profesional. El artista pl\u00e1stico y curador Joaqu\u00edn Trujillo, miembro del jurado, invit\u00f3 a todos los fot\u00f3grafos, desde amateurs hasta profesionales, a participar.<br \/>\nLa Jefa de Turismo, Cristina Salcedo, anunci\u00f3 que el Turibus Municipal facilitar\u00e1 el acceso a la Ermita de Guadalupe para quienes deseen ser parte de esta experiencia, saliendo desde el Jard\u00edn Principal a las 4:00 pm y regresando a las 6:00 pm. Por su parte, Julio Castro comparti\u00f3 antecedentes hist\u00f3ricos de las Morismas, una tradici\u00f3n que este a\u00f1o cumple 95 a\u00f1os de celebrarse en la comunidad, resaltando su profundo significado cultural.<br \/>\nLa titular del IJC, Lupita Rodr\u00edguez, agradeci\u00f3 el apoyo de los habitantes de la Ermita de Guadalupe, as\u00ed como la colaboraci\u00f3n de los destacados miembros del jurado. Adem\u00e1s, anunci\u00f3 que pr\u00f3ximamente se realizar\u00e1 una exposici\u00f3n con las fotograf\u00edas ganadoras de esta edici\u00f3n y de la primera convocatoria, brindando un espacio de reconocimiento a los participantes\u00a0y\u00a0sus\u00a0obras.<\/p>\n<p><a  href=\"https:\/\/enconecte.com\/wp-content\/uploads\/2025\/02\/Imagen-de-WhatsApp-2025-01-07-a-las-14.19.30_f5f5499e.jpg\" data-rel=\"lightbox-gallery-0\" data-rl_title=\"\" data-rl_caption=\"\" title=\"\"><img loading=\"lazy\" decoding=\"async\" class=\"alignnone size-full wp-image-24295\" src=\"https:\/\/enconecte.com\/wp-content\/uploads\/2025\/02\/Imagen-de-WhatsApp-2025-01-07-a-las-14.19.30_f5f5499e.jpg\" alt=\"\" width=\"900\" height=\"1600\" srcset=\"https:\/\/enconecte.com\/wp-content\/uploads\/2025\/02\/Imagen-de-WhatsApp-2025-01-07-a-las-14.19.30_f5f5499e.jpg 900w, https:\/\/enconecte.com\/wp-content\/uploads\/2025\/02\/Imagen-de-WhatsApp-2025-01-07-a-las-14.19.30_f5f5499e-169x300.jpg 169w, https:\/\/enconecte.com\/wp-content\/uploads\/2025\/02\/Imagen-de-WhatsApp-2025-01-07-a-las-14.19.30_f5f5499e-576x1024.jpg 576w, https:\/\/enconecte.com\/wp-content\/uploads\/2025\/02\/Imagen-de-WhatsApp-2025-01-07-a-las-14.19.30_f5f5499e-768x1365.jpg 768w, https:\/\/enconecte.com\/wp-content\/uploads\/2025\/02\/Imagen-de-WhatsApp-2025-01-07-a-las-14.19.30_f5f5499e-864x1536.jpg 864w\" sizes=\"auto, (max-width: 900px) 100vw, 900px\" \/><\/a><\/p>\n","protected":false},"excerpt":{"rendered":"<p>En seguimiento al proyecto de desarrollo y promoci\u00f3n cultural impulsado por el alcalde Rodrigo Ure\u00f1o, el Instituto Jerezano de Cultura (IJC) llev\u00f3 a cabo una rueda de prensa para socializar la convocatoria del concurso de fotograf\u00eda \u201cLas Morismas de las comunidades de Jerez y sus Fiestas Patronales\u201d, en su segunda edici\u00f3n, dedicada este a\u00f1o a [&hellip;]<\/p>\n","protected":false},"author":9,"featured_media":24296,"comment_status":"closed","ping_status":"closed","sticky":false,"template":"","format":"standard","meta":{"footnotes":""},"categories":[1370],"tags":[],"class_list":["post-24294","post","type-post","status-publish","format-standard","has-post-thumbnail","hentry","category-jerez"],"_links":{"self":[{"href":"https:\/\/enconecte.com\/index.php?rest_route=\/wp\/v2\/posts\/24294","targetHints":{"allow":["GET"]}}],"collection":[{"href":"https:\/\/enconecte.com\/index.php?rest_route=\/wp\/v2\/posts"}],"about":[{"href":"https:\/\/enconecte.com\/index.php?rest_route=\/wp\/v2\/types\/post"}],"author":[{"embeddable":true,"href":"https:\/\/enconecte.com\/index.php?rest_route=\/wp\/v2\/users\/9"}],"replies":[{"embeddable":true,"href":"https:\/\/enconecte.com\/index.php?rest_route=%2Fwp%2Fv2%2Fcomments&post=24294"}],"version-history":[{"count":0,"href":"https:\/\/enconecte.com\/index.php?rest_route=\/wp\/v2\/posts\/24294\/revisions"}],"wp:featuredmedia":[{"embeddable":true,"href":"https:\/\/enconecte.com\/index.php?rest_route=\/wp\/v2\/media\/24296"}],"wp:attachment":[{"href":"https:\/\/enconecte.com\/index.php?rest_route=%2Fwp%2Fv2%2Fmedia&parent=24294"}],"wp:term":[{"taxonomy":"category","embeddable":true,"href":"https:\/\/enconecte.com\/index.php?rest_route=%2Fwp%2Fv2%2Fcategories&post=24294"},{"taxonomy":"post_tag","embeddable":true,"href":"https:\/\/enconecte.com\/index.php?rest_route=%2Fwp%2Fv2%2Ftags&post=24294"}],"curies":[{"name":"wp","href":"https:\/\/api.w.org\/{rel}","templated":true}]}}