{"id":24280,"date":"2024-10-07T18:15:40","date_gmt":"2024-10-08T00:15:40","guid":{"rendered":"https:\/\/enconecte.com\/?p=24280"},"modified":"2024-10-08T18:18:07","modified_gmt":"2024-10-09T00:18:07","slug":"balance-positivo-en-el-festival-gastronomico-sabores-mestizos","status":"publish","type":"post","link":"https:\/\/enconecte.com\/?p=24280","title":{"rendered":"BALANCE POSITIVO EN EL FESTIVAL GASTRON\u00d3MICO SABORES MESTIZOS"},"content":{"rendered":"<p>El Ayuntamiento de Jerez, a trav\u00e9s de Turismo Municipal y el Instituto Jerezano de Cultura, dio a conocer los resultados del Festival Gastron\u00f3mico Sabores Mestizos, como parte de los esfuerzos encabezados por el Alcalde Rodrigo Ure\u00f1o para fortalecer econom\u00eda local.<\/p>\n<p>El evento, que se llev\u00f3 a cabo durante el pasado fin de semana, reuni\u00f3 a 20 expositores en el Pabell\u00f3n Gastron\u00f3mico y 42 en el Pabell\u00f3n Artesanal, atrayendo a un flujo constante de personas, ascendiendo a cerca de 16,000 visitantes concurrentes a lo largo de los dos d\u00edas de duraci\u00f3n, as\u00ed lo dio a conocer la titular de Turismo Cristina Salcedo Rodr\u00edguez, quien agreg\u00f3 que la ocupaci\u00f3n hotelera en el cuadro central de la ciudad alcanz\u00f3 el 85%, consolidando a Jerez como un destino tur\u00edstico y cultural de gran inter\u00e9s.<\/p>\n<p>Los productores, emprendedores y prestadores de servicios que participaron en el evento reportaron que sus ventas se duplicaron durante el fin de semana. En total, la derrama econ\u00f3mica en los pabellones ascendi\u00f3 a $247,000.00, lo que represent\u00f3 una recuperaci\u00f3n total de la inversi\u00f3n inicial y un retorno del 65% en t\u00e9rminos de beneficios econ\u00f3micos.<\/p>\n<p>El d\u00eda s\u00e1bado destac\u00f3 por la influencia de turismo extranjero, mientras que el domingo fue predominantemente de visitantes locales, lo que reafirma la diversidad y atractivo del evento para distintos\u00a0p\u00fablicos.<\/p>\n<p><a  href=\"https:\/\/enconecte.com\/wp-content\/uploads\/2024\/10\/Imagen-de-WhatsApp-2024-10-07-a-las-16.23.01_b6dbee5b.jpg\" data-rel=\"lightbox-gallery-0\" data-rl_title=\"\" data-rl_caption=\"\" title=\"\"><img loading=\"lazy\" decoding=\"async\" class=\"alignnone size-full wp-image-24282\" src=\"https:\/\/enconecte.com\/wp-content\/uploads\/2024\/10\/Imagen-de-WhatsApp-2024-10-07-a-las-16.23.01_b6dbee5b.jpg\" alt=\"\" width=\"1600\" height=\"1066\" srcset=\"https:\/\/enconecte.com\/wp-content\/uploads\/2024\/10\/Imagen-de-WhatsApp-2024-10-07-a-las-16.23.01_b6dbee5b.jpg 1600w, https:\/\/enconecte.com\/wp-content\/uploads\/2024\/10\/Imagen-de-WhatsApp-2024-10-07-a-las-16.23.01_b6dbee5b-300x200.jpg 300w, https:\/\/enconecte.com\/wp-content\/uploads\/2024\/10\/Imagen-de-WhatsApp-2024-10-07-a-las-16.23.01_b6dbee5b-1024x682.jpg 1024w, https:\/\/enconecte.com\/wp-content\/uploads\/2024\/10\/Imagen-de-WhatsApp-2024-10-07-a-las-16.23.01_b6dbee5b-768x512.jpg 768w, https:\/\/enconecte.com\/wp-content\/uploads\/2024\/10\/Imagen-de-WhatsApp-2024-10-07-a-las-16.23.01_b6dbee5b-1536x1023.jpg 1536w\" sizes=\"auto, (max-width: 1600px) 100vw, 1600px\" \/><\/a><\/p>\n","protected":false},"excerpt":{"rendered":"<p>El Ayuntamiento de Jerez, a trav\u00e9s de Turismo Municipal y el Instituto Jerezano de Cultura, dio a conocer los resultados del Festival Gastron\u00f3mico Sabores Mestizos, como parte de los esfuerzos encabezados por el Alcalde Rodrigo Ure\u00f1o para fortalecer econom\u00eda local. El evento, que se llev\u00f3 a cabo durante el pasado fin de semana, reuni\u00f3 a [&hellip;]<\/p>\n","protected":false},"author":9,"featured_media":24281,"comment_status":"closed","ping_status":"closed","sticky":false,"template":"","format":"standard","meta":{"footnotes":""},"categories":[1370],"tags":[],"class_list":["post-24280","post","type-post","status-publish","format-standard","has-post-thumbnail","hentry","category-jerez"],"_links":{"self":[{"href":"https:\/\/enconecte.com\/index.php?rest_route=\/wp\/v2\/posts\/24280","targetHints":{"allow":["GET"]}}],"collection":[{"href":"https:\/\/enconecte.com\/index.php?rest_route=\/wp\/v2\/posts"}],"about":[{"href":"https:\/\/enconecte.com\/index.php?rest_route=\/wp\/v2\/types\/post"}],"author":[{"embeddable":true,"href":"https:\/\/enconecte.com\/index.php?rest_route=\/wp\/v2\/users\/9"}],"replies":[{"embeddable":true,"href":"https:\/\/enconecte.com\/index.php?rest_route=%2Fwp%2Fv2%2Fcomments&post=24280"}],"version-history":[{"count":0,"href":"https:\/\/enconecte.com\/index.php?rest_route=\/wp\/v2\/posts\/24280\/revisions"}],"wp:featuredmedia":[{"embeddable":true,"href":"https:\/\/enconecte.com\/index.php?rest_route=\/wp\/v2\/media\/24281"}],"wp:attachment":[{"href":"https:\/\/enconecte.com\/index.php?rest_route=%2Fwp%2Fv2%2Fmedia&parent=24280"}],"wp:term":[{"taxonomy":"category","embeddable":true,"href":"https:\/\/enconecte.com\/index.php?rest_route=%2Fwp%2Fv2%2Fcategories&post=24280"},{"taxonomy":"post_tag","embeddable":true,"href":"https:\/\/enconecte.com\/index.php?rest_route=%2Fwp%2Fv2%2Ftags&post=24280"}],"curies":[{"name":"wp","href":"https:\/\/api.w.org\/{rel}","templated":true}]}}