{"id":24274,"date":"2024-10-05T18:13:53","date_gmt":"2024-10-06T00:13:53","guid":{"rendered":"https:\/\/enconecte.com\/?p=24274"},"modified":"2024-10-08T18:14:22","modified_gmt":"2024-10-09T00:14:22","slug":"conferencia-sobre-mestizaje-alimentario-en-el-festival-gastronomico-sabores-mestizos","status":"publish","type":"post","link":"https:\/\/enconecte.com\/?p=24274","title":{"rendered":"CONFERENCIA SOBRE MESTIZAJE ALIMENTARIO EN EL FESTIVAL GASTRON\u00d3MICO &#8220;SABORES MESTIZOS&#8221;"},"content":{"rendered":"<p>En el marco del Festival Gastron\u00f3mico \u201cSabores Mestizos\u201d se llev\u00f3 a cabo la conferencia &#8220;Cocinas del pasado: Mestizaje Alimentario en los siglos XVIII y XIX&#8221; impartida por el Dr. en Historia de la Universidad Aut\u00f3noma de Zacatecas, Rub\u00e9n Villegas Aguirre. En ella, se ofreci\u00f3 un recorrido historiogr\u00e1fico sobre c\u00f3mo el encuentro de los pueblos originarios con el Imperio Espa\u00f1ol dio lugar a la diversa gastronom\u00eda mexicana. La jefa de Turismo, Cristina Salcedo, en representaci\u00f3n del Presidente Municipal, Rodrigo Ure\u00f1o, agradeci\u00f3 al catedr\u00e1tico por su participaci\u00f3n en el programa acad\u00e9mico de un festival que celebra nuestra identidad y herencia\u00a0cultural.<\/p>\n<p><a  href=\"https:\/\/enconecte.com\/wp-content\/uploads\/2024\/10\/Imagen-de-WhatsApp-2024-10-05-a-las-12.15.43_315fa00b.jpg\" data-rel=\"lightbox-gallery-0\" data-rl_title=\"\" data-rl_caption=\"\" title=\"\"><img loading=\"lazy\" decoding=\"async\" class=\"alignnone size-full wp-image-24276\" src=\"https:\/\/enconecte.com\/wp-content\/uploads\/2024\/10\/Imagen-de-WhatsApp-2024-10-05-a-las-12.15.43_315fa00b.jpg\" alt=\"\" width=\"1600\" height=\"1066\" srcset=\"https:\/\/enconecte.com\/wp-content\/uploads\/2024\/10\/Imagen-de-WhatsApp-2024-10-05-a-las-12.15.43_315fa00b.jpg 1600w, https:\/\/enconecte.com\/wp-content\/uploads\/2024\/10\/Imagen-de-WhatsApp-2024-10-05-a-las-12.15.43_315fa00b-300x200.jpg 300w, https:\/\/enconecte.com\/wp-content\/uploads\/2024\/10\/Imagen-de-WhatsApp-2024-10-05-a-las-12.15.43_315fa00b-1024x682.jpg 1024w, https:\/\/enconecte.com\/wp-content\/uploads\/2024\/10\/Imagen-de-WhatsApp-2024-10-05-a-las-12.15.43_315fa00b-768x512.jpg 768w, https:\/\/enconecte.com\/wp-content\/uploads\/2024\/10\/Imagen-de-WhatsApp-2024-10-05-a-las-12.15.43_315fa00b-1536x1023.jpg 1536w\" sizes=\"auto, (max-width: 1600px) 100vw, 1600px\" \/><\/a><\/p>\n","protected":false},"excerpt":{"rendered":"<p>En el marco del Festival Gastron\u00f3mico \u201cSabores Mestizos\u201d se llev\u00f3 a cabo la conferencia &#8220;Cocinas del pasado: Mestizaje Alimentario en los siglos XVIII y XIX&#8221; impartida por el Dr. en Historia de la Universidad Aut\u00f3noma de Zacatecas, Rub\u00e9n Villegas Aguirre. En ella, se ofreci\u00f3 un recorrido historiogr\u00e1fico sobre c\u00f3mo el encuentro de los pueblos originarios [&hellip;]<\/p>\n","protected":false},"author":9,"featured_media":24275,"comment_status":"closed","ping_status":"closed","sticky":false,"template":"","format":"standard","meta":{"footnotes":""},"categories":[1370],"tags":[],"class_list":["post-24274","post","type-post","status-publish","format-standard","has-post-thumbnail","hentry","category-jerez"],"_links":{"self":[{"href":"https:\/\/enconecte.com\/index.php?rest_route=\/wp\/v2\/posts\/24274","targetHints":{"allow":["GET"]}}],"collection":[{"href":"https:\/\/enconecte.com\/index.php?rest_route=\/wp\/v2\/posts"}],"about":[{"href":"https:\/\/enconecte.com\/index.php?rest_route=\/wp\/v2\/types\/post"}],"author":[{"embeddable":true,"href":"https:\/\/enconecte.com\/index.php?rest_route=\/wp\/v2\/users\/9"}],"replies":[{"embeddable":true,"href":"https:\/\/enconecte.com\/index.php?rest_route=%2Fwp%2Fv2%2Fcomments&post=24274"}],"version-history":[{"count":0,"href":"https:\/\/enconecte.com\/index.php?rest_route=\/wp\/v2\/posts\/24274\/revisions"}],"wp:featuredmedia":[{"embeddable":true,"href":"https:\/\/enconecte.com\/index.php?rest_route=\/wp\/v2\/media\/24275"}],"wp:attachment":[{"href":"https:\/\/enconecte.com\/index.php?rest_route=%2Fwp%2Fv2%2Fmedia&parent=24274"}],"wp:term":[{"taxonomy":"category","embeddable":true,"href":"https:\/\/enconecte.com\/index.php?rest_route=%2Fwp%2Fv2%2Fcategories&post=24274"},{"taxonomy":"post_tag","embeddable":true,"href":"https:\/\/enconecte.com\/index.php?rest_route=%2Fwp%2Fv2%2Ftags&post=24274"}],"curies":[{"name":"wp","href":"https:\/\/api.w.org\/{rel}","templated":true}]}}