{"id":24271,"date":"2024-10-04T18:12:48","date_gmt":"2024-10-05T00:12:48","guid":{"rendered":"https:\/\/enconecte.com\/?p=24271"},"modified":"2024-10-08T18:13:36","modified_gmt":"2024-10-09T00:13:36","slug":"dspm-lleva-brigadas-de-prevencion-del-delito-a-comunidades","status":"publish","type":"post","link":"https:\/\/enconecte.com\/?p=24271","title":{"rendered":"DSPM LLEVA BRIGADAS DE PREVENCI\u00d3N DEL DELITO A COMUNIDADES"},"content":{"rendered":"<p>Para preservar y fortalecer el bienestar de la poblaci\u00f3n jerezana, la Direcci\u00f3n de Seguridad P\u00fablica Municipal (DSPM) dio inicio a Brigadas de Prevenci\u00f3n del Delito en la zona rural, como una nueva modalidad del programa \u201cLa Prevenci\u00f3n es Tarea de Todos\u201d que busca llegar a todo el municipio.<\/p>\n<p>En ese sentido personal de la corporaci\u00f3n polic\u00edaca, organizado por su departamento de Prevenci\u00f3n del Delito, visit\u00f3 planteles escolares de nivel b\u00e1sico y medio superior de las comunidades Los Haro y el Durazno para brindar pl\u00e1ticas, conferencias y din\u00e1micas a estudiantes, docentes y padres de familia sobre tem\u00e1ticas de violencia familiar, escolar y social, as\u00ed como de conducta y corresponsabilidad.<\/p>\n<p>En la visita a El Durazno se cont\u00f3 con la presencia del subdirector de la DSPM, Pedro Roque Goxcon, y la colaboraci\u00f3n de la Coordinaci\u00f3n Municipal de Protecci\u00f3n Civil y Gesti\u00f3n de Emergencias, a cargo de Mauricio Guerrero\u00a0Mart\u00ednez.<\/p>\n<p><a  href=\"https:\/\/enconecte.com\/wp-content\/uploads\/2024\/10\/Imagen-de-WhatsApp-2024-10-04-a-las-17.26.59_91fa30bb.jpg\" data-rel=\"lightbox-gallery-0\" data-rl_title=\"\" data-rl_caption=\"\" title=\"\"><img loading=\"lazy\" decoding=\"async\" class=\"alignnone size-full wp-image-24272\" src=\"https:\/\/enconecte.com\/wp-content\/uploads\/2024\/10\/Imagen-de-WhatsApp-2024-10-04-a-las-17.26.59_91fa30bb.jpg\" alt=\"\" width=\"1040\" height=\"780\" srcset=\"https:\/\/enconecte.com\/wp-content\/uploads\/2024\/10\/Imagen-de-WhatsApp-2024-10-04-a-las-17.26.59_91fa30bb.jpg 1040w, https:\/\/enconecte.com\/wp-content\/uploads\/2024\/10\/Imagen-de-WhatsApp-2024-10-04-a-las-17.26.59_91fa30bb-300x225.jpg 300w, https:\/\/enconecte.com\/wp-content\/uploads\/2024\/10\/Imagen-de-WhatsApp-2024-10-04-a-las-17.26.59_91fa30bb-1024x768.jpg 1024w, https:\/\/enconecte.com\/wp-content\/uploads\/2024\/10\/Imagen-de-WhatsApp-2024-10-04-a-las-17.26.59_91fa30bb-768x576.jpg 768w\" sizes=\"auto, (max-width: 1040px) 100vw, 1040px\" \/><\/a><\/p>\n","protected":false},"excerpt":{"rendered":"<p>Para preservar y fortalecer el bienestar de la poblaci\u00f3n jerezana, la Direcci\u00f3n de Seguridad P\u00fablica Municipal (DSPM) dio inicio a Brigadas de Prevenci\u00f3n del Delito en la zona rural, como una nueva modalidad del programa \u201cLa Prevenci\u00f3n es Tarea de Todos\u201d que busca llegar a todo el municipio. En ese sentido personal de la corporaci\u00f3n [&hellip;]<\/p>\n","protected":false},"author":9,"featured_media":24273,"comment_status":"closed","ping_status":"closed","sticky":false,"template":"","format":"standard","meta":{"footnotes":""},"categories":[1370],"tags":[],"class_list":["post-24271","post","type-post","status-publish","format-standard","has-post-thumbnail","hentry","category-jerez"],"_links":{"self":[{"href":"https:\/\/enconecte.com\/index.php?rest_route=\/wp\/v2\/posts\/24271","targetHints":{"allow":["GET"]}}],"collection":[{"href":"https:\/\/enconecte.com\/index.php?rest_route=\/wp\/v2\/posts"}],"about":[{"href":"https:\/\/enconecte.com\/index.php?rest_route=\/wp\/v2\/types\/post"}],"author":[{"embeddable":true,"href":"https:\/\/enconecte.com\/index.php?rest_route=\/wp\/v2\/users\/9"}],"replies":[{"embeddable":true,"href":"https:\/\/enconecte.com\/index.php?rest_route=%2Fwp%2Fv2%2Fcomments&post=24271"}],"version-history":[{"count":0,"href":"https:\/\/enconecte.com\/index.php?rest_route=\/wp\/v2\/posts\/24271\/revisions"}],"wp:featuredmedia":[{"embeddable":true,"href":"https:\/\/enconecte.com\/index.php?rest_route=\/wp\/v2\/media\/24273"}],"wp:attachment":[{"href":"https:\/\/enconecte.com\/index.php?rest_route=%2Fwp%2Fv2%2Fmedia&parent=24271"}],"wp:term":[{"taxonomy":"category","embeddable":true,"href":"https:\/\/enconecte.com\/index.php?rest_route=%2Fwp%2Fv2%2Fcategories&post=24271"},{"taxonomy":"post_tag","embeddable":true,"href":"https:\/\/enconecte.com\/index.php?rest_route=%2Fwp%2Fv2%2Ftags&post=24271"}],"curies":[{"name":"wp","href":"https:\/\/api.w.org\/{rel}","templated":true}]}}