{"id":24268,"date":"2024-10-03T18:12:06","date_gmt":"2024-10-04T00:12:06","guid":{"rendered":"https:\/\/enconecte.com\/?p=24268"},"modified":"2024-10-08T18:12:38","modified_gmt":"2024-10-09T00:12:38","slug":"rodrigo-ureno-refrenda-su-apoyo-al-personal-seguridad-publica-municipal","status":"publish","type":"post","link":"https:\/\/enconecte.com\/?p=24268","title":{"rendered":"RODRIGO URE\u00d1O REFRENDA SU APOYO AL PERSONAL SEGURIDAD P\u00daBLICA MUNICIPAL"},"content":{"rendered":"<p>El Presidente Municipal Rodrigo Ure\u00f1o visit\u00f3 a las instalaciones de la Direcci\u00f3n de Seguridad P\u00fablica Municipal, donde tuvo la oportunidad de conocer de primera mano el estado de las fuerzas del orden locales. Tras el informe correspondiente, el alcalde expres\u00f3: \u201cVine a conocerlos y a que me conozcan. Quiero escuchar sus inquietudes y necesidades\u201d.<\/p>\n<p>Durante la visita, Ure\u00f1o fue acompa\u00f1ado por el Encargado de Seguridad, \u00c1ngel Garc\u00eda Campiz, el Secretario de Gobierno, Samuel Berumen De la Torre, y la S\u00edndico, Susana De la Torre Barrag\u00e1n. El grupo realiz\u00f3 un recorrido por las instalaciones de la corporaci\u00f3n, escuchando las inquietudes del personal operativo y\u00a0administrativo.<\/p>\n<p><a  href=\"https:\/\/enconecte.com\/wp-content\/uploads\/2024\/10\/Imagen-de-WhatsApp-2024-10-03-a-las-16.06.09_53eee4cf.jpg\" data-rel=\"lightbox-gallery-0\" data-rl_title=\"\" data-rl_caption=\"\" title=\"\"><img loading=\"lazy\" decoding=\"async\" class=\"alignnone size-full wp-image-24269\" src=\"https:\/\/enconecte.com\/wp-content\/uploads\/2024\/10\/Imagen-de-WhatsApp-2024-10-03-a-las-16.06.09_53eee4cf.jpg\" alt=\"\" width=\"1280\" height=\"853\" srcset=\"https:\/\/enconecte.com\/wp-content\/uploads\/2024\/10\/Imagen-de-WhatsApp-2024-10-03-a-las-16.06.09_53eee4cf.jpg 1280w, https:\/\/enconecte.com\/wp-content\/uploads\/2024\/10\/Imagen-de-WhatsApp-2024-10-03-a-las-16.06.09_53eee4cf-300x200.jpg 300w, https:\/\/enconecte.com\/wp-content\/uploads\/2024\/10\/Imagen-de-WhatsApp-2024-10-03-a-las-16.06.09_53eee4cf-1024x682.jpg 1024w, https:\/\/enconecte.com\/wp-content\/uploads\/2024\/10\/Imagen-de-WhatsApp-2024-10-03-a-las-16.06.09_53eee4cf-768x512.jpg 768w\" sizes=\"auto, (max-width: 1280px) 100vw, 1280px\" \/><\/a><\/p>\n","protected":false},"excerpt":{"rendered":"<p>El Presidente Municipal Rodrigo Ure\u00f1o visit\u00f3 a las instalaciones de la Direcci\u00f3n de Seguridad P\u00fablica Municipal, donde tuvo la oportunidad de conocer de primera mano el estado de las fuerzas del orden locales. Tras el informe correspondiente, el alcalde expres\u00f3: \u201cVine a conocerlos y a que me conozcan. Quiero escuchar sus inquietudes y necesidades\u201d. Durante [&hellip;]<\/p>\n","protected":false},"author":9,"featured_media":24270,"comment_status":"closed","ping_status":"closed","sticky":false,"template":"","format":"standard","meta":{"footnotes":""},"categories":[1370],"tags":[],"class_list":["post-24268","post","type-post","status-publish","format-standard","has-post-thumbnail","hentry","category-jerez"],"_links":{"self":[{"href":"https:\/\/enconecte.com\/index.php?rest_route=\/wp\/v2\/posts\/24268","targetHints":{"allow":["GET"]}}],"collection":[{"href":"https:\/\/enconecte.com\/index.php?rest_route=\/wp\/v2\/posts"}],"about":[{"href":"https:\/\/enconecte.com\/index.php?rest_route=\/wp\/v2\/types\/post"}],"author":[{"embeddable":true,"href":"https:\/\/enconecte.com\/index.php?rest_route=\/wp\/v2\/users\/9"}],"replies":[{"embeddable":true,"href":"https:\/\/enconecte.com\/index.php?rest_route=%2Fwp%2Fv2%2Fcomments&post=24268"}],"version-history":[{"count":0,"href":"https:\/\/enconecte.com\/index.php?rest_route=\/wp\/v2\/posts\/24268\/revisions"}],"wp:featuredmedia":[{"embeddable":true,"href":"https:\/\/enconecte.com\/index.php?rest_route=\/wp\/v2\/media\/24270"}],"wp:attachment":[{"href":"https:\/\/enconecte.com\/index.php?rest_route=%2Fwp%2Fv2%2Fmedia&parent=24268"}],"wp:term":[{"taxonomy":"category","embeddable":true,"href":"https:\/\/enconecte.com\/index.php?rest_route=%2Fwp%2Fv2%2Fcategories&post=24268"},{"taxonomy":"post_tag","embeddable":true,"href":"https:\/\/enconecte.com\/index.php?rest_route=%2Fwp%2Fv2%2Ftags&post=24268"}],"curies":[{"name":"wp","href":"https:\/\/api.w.org\/{rel}","templated":true}]}}