{"id":24265,"date":"2024-09-30T18:11:11","date_gmt":"2024-10-01T00:11:11","guid":{"rendered":"https:\/\/enconecte.com\/?p=24265"},"modified":"2024-10-08T18:11:47","modified_gmt":"2024-10-09T00:11:47","slug":"inician-rehabilitacion-de-banos-en-la-unidad-deportiva","status":"publish","type":"post","link":"https:\/\/enconecte.com\/?p=24265","title":{"rendered":"INICIAN REHABILITACI\u00d3N DE BA\u00d1OS EN LA UNIDAD DEPORTIVA"},"content":{"rendered":"<p>Por indicaciones del Presidente Municipal Rodrigo Ure\u00f1o, dio inicio la rehabilitaci\u00f3n en los sanitarios que se encuentran en la Unidad Deportiva, ubicados a un costado de las canchas de voleibol playero, inform\u00f3 el Director de Obras y Servicios P\u00fablicos Rub\u00e9n D\u00e1vila Aguilar, quien destac\u00f3 que de esta forma se est\u00e1n atendiendo las necesidades que existen en los diversos espacios p\u00fablicos con los que cuenta el municipio.<\/p>\n<p>Coment\u00f3 que los trabajos consisten en la restauraci\u00f3n completa de las tuber\u00edas de agua potable y drenaje, las cuales estaban colapsadas a consecuencia de la obstrucci\u00f3n de ra\u00edces de los \u00e1rboles y eso imped\u00eda el buen funcionamiento de los sanitarios, agreg\u00f3 que ser\u00e1n algunas semanas lo que tardar\u00e1n las labores y queden en condiciones de ser usados por las personas que asisten diariamente a ese espacio deportivo a realizar sus actividades\u00a0f\u00edsicas.<\/p>\n<p><a  href=\"https:\/\/enconecte.com\/wp-content\/uploads\/2024\/10\/Imagen-de-WhatsApp-2024-09-30-a-las-15.46.25_38189572.jpg\" data-rel=\"lightbox-gallery-0\" data-rl_title=\"\" data-rl_caption=\"\" title=\"\"><img loading=\"lazy\" decoding=\"async\" class=\"alignnone size-full wp-image-24267\" src=\"https:\/\/enconecte.com\/wp-content\/uploads\/2024\/10\/Imagen-de-WhatsApp-2024-09-30-a-las-15.46.25_38189572.jpg\" alt=\"\" width=\"1600\" height=\"1066\" srcset=\"https:\/\/enconecte.com\/wp-content\/uploads\/2024\/10\/Imagen-de-WhatsApp-2024-09-30-a-las-15.46.25_38189572.jpg 1600w, https:\/\/enconecte.com\/wp-content\/uploads\/2024\/10\/Imagen-de-WhatsApp-2024-09-30-a-las-15.46.25_38189572-300x200.jpg 300w, https:\/\/enconecte.com\/wp-content\/uploads\/2024\/10\/Imagen-de-WhatsApp-2024-09-30-a-las-15.46.25_38189572-1024x682.jpg 1024w, https:\/\/enconecte.com\/wp-content\/uploads\/2024\/10\/Imagen-de-WhatsApp-2024-09-30-a-las-15.46.25_38189572-768x512.jpg 768w, https:\/\/enconecte.com\/wp-content\/uploads\/2024\/10\/Imagen-de-WhatsApp-2024-09-30-a-las-15.46.25_38189572-1536x1023.jpg 1536w\" sizes=\"auto, (max-width: 1600px) 100vw, 1600px\" \/><\/a><\/p>\n","protected":false},"excerpt":{"rendered":"<p>Por indicaciones del Presidente Municipal Rodrigo Ure\u00f1o, dio inicio la rehabilitaci\u00f3n en los sanitarios que se encuentran en la Unidad Deportiva, ubicados a un costado de las canchas de voleibol playero, inform\u00f3 el Director de Obras y Servicios P\u00fablicos Rub\u00e9n D\u00e1vila Aguilar, quien destac\u00f3 que de esta forma se est\u00e1n atendiendo las necesidades que existen [&hellip;]<\/p>\n","protected":false},"author":9,"featured_media":24266,"comment_status":"closed","ping_status":"closed","sticky":false,"template":"","format":"standard","meta":{"footnotes":""},"categories":[1370],"tags":[],"class_list":["post-24265","post","type-post","status-publish","format-standard","has-post-thumbnail","hentry","category-jerez"],"_links":{"self":[{"href":"https:\/\/enconecte.com\/index.php?rest_route=\/wp\/v2\/posts\/24265","targetHints":{"allow":["GET"]}}],"collection":[{"href":"https:\/\/enconecte.com\/index.php?rest_route=\/wp\/v2\/posts"}],"about":[{"href":"https:\/\/enconecte.com\/index.php?rest_route=\/wp\/v2\/types\/post"}],"author":[{"embeddable":true,"href":"https:\/\/enconecte.com\/index.php?rest_route=\/wp\/v2\/users\/9"}],"replies":[{"embeddable":true,"href":"https:\/\/enconecte.com\/index.php?rest_route=%2Fwp%2Fv2%2Fcomments&post=24265"}],"version-history":[{"count":0,"href":"https:\/\/enconecte.com\/index.php?rest_route=\/wp\/v2\/posts\/24265\/revisions"}],"wp:featuredmedia":[{"embeddable":true,"href":"https:\/\/enconecte.com\/index.php?rest_route=\/wp\/v2\/media\/24266"}],"wp:attachment":[{"href":"https:\/\/enconecte.com\/index.php?rest_route=%2Fwp%2Fv2%2Fmedia&parent=24265"}],"wp:term":[{"taxonomy":"category","embeddable":true,"href":"https:\/\/enconecte.com\/index.php?rest_route=%2Fwp%2Fv2%2Fcategories&post=24265"},{"taxonomy":"post_tag","embeddable":true,"href":"https:\/\/enconecte.com\/index.php?rest_route=%2Fwp%2Fv2%2Ftags&post=24265"}],"curies":[{"name":"wp","href":"https:\/\/api.w.org\/{rel}","templated":true}]}}