{"id":24259,"date":"2024-09-27T18:09:07","date_gmt":"2024-09-28T00:09:07","guid":{"rendered":"https:\/\/enconecte.com\/?p=24259"},"modified":"2024-10-08T18:09:41","modified_gmt":"2024-10-09T00:09:41","slug":"rodrigo-ureno-promueve-a-emprendedores-y-artesanos-en-evento-de-la-colonial","status":"publish","type":"post","link":"https:\/\/enconecte.com\/?p=24259","title":{"rendered":"RODRIGO URE\u00d1O, PROMUEVE A EMPRENDEDORES Y ARTESANOS EN EVENTO DE LA COLONIAL"},"content":{"rendered":"<p>El Presidente Municipal de Jerez, Rodrigo Ure\u00f1o, y la Presidenta Honor\u00edfica del DIF, Estefana Casas, hicieron acto de presencia en el evento de Carril y Lienzo de La Colonial, donde el Ayuntamiento, a trav\u00e9s del Departamento de Turismo, coloc\u00f3 un pabell\u00f3n para apoyar a emprendedores, artesanos y la agroindustria local. En este espacio, se expusieron productos cien por ciento jerezanos.<\/p>\n<p>En su mensaje, el Alcalde agradeci\u00f3 a Edgar \u00c1lvarez, empresario de La Colonial, por su disposici\u00f3n para generar estos lazos de cooperaci\u00f3n con la econom\u00eda local del municipio. \u201cEs muy importante ense\u00f1ar los productos que se hacen en Jerez y sus comunidades. Estos eventos son una oportunidad para mostrar el trabajo de los artesanos,\u201d afirm\u00f3 Ure\u00f1o.<\/p>\n<p>Por su parte, la jefa de Turismo Municipal, Cristina Salcedo, refrend\u00f3 el compromiso entablado por el mun\u00edcipe para prestar apoyo y generar desarrollo en todos los sectores del municipio. \u201cNuestro objetivo es apoyar a todas las empresas, sin importar su tama\u00f1o, aunque priorizando a las peque\u00f1as y medianas, pues son estas el sost\u00e9n de las familias\u00a0jerezanas&#8221;.<\/p>\n<p><a  href=\"https:\/\/enconecte.com\/wp-content\/uploads\/2024\/10\/Imagen-de-WhatsApp-2024-09-27-a-las-17.54.53_32a97244.jpg\" data-rel=\"lightbox-gallery-0\" data-rl_title=\"\" data-rl_caption=\"\" title=\"\"><img loading=\"lazy\" decoding=\"async\" class=\"alignnone size-full wp-image-24261\" src=\"https:\/\/enconecte.com\/wp-content\/uploads\/2024\/10\/Imagen-de-WhatsApp-2024-09-27-a-las-17.54.53_32a97244.jpg\" alt=\"\" width=\"1599\" height=\"899\" srcset=\"https:\/\/enconecte.com\/wp-content\/uploads\/2024\/10\/Imagen-de-WhatsApp-2024-09-27-a-las-17.54.53_32a97244.jpg 1599w, https:\/\/enconecte.com\/wp-content\/uploads\/2024\/10\/Imagen-de-WhatsApp-2024-09-27-a-las-17.54.53_32a97244-300x169.jpg 300w, https:\/\/enconecte.com\/wp-content\/uploads\/2024\/10\/Imagen-de-WhatsApp-2024-09-27-a-las-17.54.53_32a97244-1024x576.jpg 1024w, https:\/\/enconecte.com\/wp-content\/uploads\/2024\/10\/Imagen-de-WhatsApp-2024-09-27-a-las-17.54.53_32a97244-768x432.jpg 768w, https:\/\/enconecte.com\/wp-content\/uploads\/2024\/10\/Imagen-de-WhatsApp-2024-09-27-a-las-17.54.53_32a97244-1536x864.jpg 1536w\" sizes=\"auto, (max-width: 1599px) 100vw, 1599px\" \/><\/a><\/p>\n","protected":false},"excerpt":{"rendered":"<p>El Presidente Municipal de Jerez, Rodrigo Ure\u00f1o, y la Presidenta Honor\u00edfica del DIF, Estefana Casas, hicieron acto de presencia en el evento de Carril y Lienzo de La Colonial, donde el Ayuntamiento, a trav\u00e9s del Departamento de Turismo, coloc\u00f3 un pabell\u00f3n para apoyar a emprendedores, artesanos y la agroindustria local. En este espacio, se expusieron [&hellip;]<\/p>\n","protected":false},"author":9,"featured_media":24260,"comment_status":"closed","ping_status":"closed","sticky":false,"template":"","format":"standard","meta":{"footnotes":""},"categories":[1370],"tags":[],"class_list":["post-24259","post","type-post","status-publish","format-standard","has-post-thumbnail","hentry","category-jerez"],"_links":{"self":[{"href":"https:\/\/enconecte.com\/index.php?rest_route=\/wp\/v2\/posts\/24259","targetHints":{"allow":["GET"]}}],"collection":[{"href":"https:\/\/enconecte.com\/index.php?rest_route=\/wp\/v2\/posts"}],"about":[{"href":"https:\/\/enconecte.com\/index.php?rest_route=\/wp\/v2\/types\/post"}],"author":[{"embeddable":true,"href":"https:\/\/enconecte.com\/index.php?rest_route=\/wp\/v2\/users\/9"}],"replies":[{"embeddable":true,"href":"https:\/\/enconecte.com\/index.php?rest_route=%2Fwp%2Fv2%2Fcomments&post=24259"}],"version-history":[{"count":0,"href":"https:\/\/enconecte.com\/index.php?rest_route=\/wp\/v2\/posts\/24259\/revisions"}],"wp:featuredmedia":[{"embeddable":true,"href":"https:\/\/enconecte.com\/index.php?rest_route=\/wp\/v2\/media\/24260"}],"wp:attachment":[{"href":"https:\/\/enconecte.com\/index.php?rest_route=%2Fwp%2Fv2%2Fmedia&parent=24259"}],"wp:term":[{"taxonomy":"category","embeddable":true,"href":"https:\/\/enconecte.com\/index.php?rest_route=%2Fwp%2Fv2%2Fcategories&post=24259"},{"taxonomy":"post_tag","embeddable":true,"href":"https:\/\/enconecte.com\/index.php?rest_route=%2Fwp%2Fv2%2Ftags&post=24259"}],"curies":[{"name":"wp","href":"https:\/\/api.w.org\/{rel}","templated":true}]}}