{"id":24255,"date":"2024-09-26T18:06:56","date_gmt":"2024-09-27T00:06:56","guid":{"rendered":"https:\/\/enconecte.com\/?p=24255"},"modified":"2024-10-08T18:07:35","modified_gmt":"2024-10-09T00:07:35","slug":"definen-comisiones-para-regidores-del-h-ayuntamiento-de-jerez","status":"publish","type":"post","link":"https:\/\/enconecte.com\/?p=24255","title":{"rendered":"DEFINEN COMISIONES PARA REGIDORES DEL H. AYUNTAMIENTO DE JEREZ"},"content":{"rendered":"<p>En el marco de la primera sesi\u00f3n ordinaria de Cabildo, encabezada por el alcalde Rodrigo Ure\u00f1o Ba\u00f1uelos, se llev\u00f3 a cabo la designaci\u00f3n de comisiones para los regidores y la s\u00edndico del H. Ayuntamiento de Jerez. Durante la sesi\u00f3n, se definieron las responsabilidades que cada regidor asumir\u00e1 en esta administraci\u00f3n. La s\u00edndico Susana de la Torre tendr\u00e1 a su cargo la Comisi\u00f3n de Hacienda Municipal, mientras que Mar\u00eda Reyes asumir\u00e1 la de Planeaci\u00f3n y Desarrollo Administrativo. En cuanto a las \u00e1reas de Turismo, Espect\u00e1culos y Alcoholes, estas fueron asignadas a V\u00edctor Mar\u00edn. Haraydee Lozano ser\u00e1 la encargada de la Comisi\u00f3n de Atenci\u00f3n a Migrantes y Asuntos Internacionales, y Javier Cabral estar\u00e1 al frente de la Comisi\u00f3n de Justicia.<\/p>\n<p>La regidora Soledad Salas encabezar\u00e1 la Comisi\u00f3n de Educaci\u00f3n, Cultura y Medio Ambiente, y se acord\u00f3 que, en un plazo de a\u00f1o y medio, intercambiar\u00e1 esta comisi\u00f3n con Myriam Carrillo, quien actualmente dirigir\u00e1 la Comisi\u00f3n de Desarrollo Econ\u00f3mico y Agropecuario. Por su parte, Juan Manuel Garc\u00eda estar\u00e1 al frente de Obras y Servicios P\u00fablicos, mientras que la Comisi\u00f3n de Grupos Vulnerables, Personas con Discapacidad y Equidad ser\u00e1 dirigida por Mar\u00eda del Carmen Lozano.<\/p>\n<p>Dionisio Sald\u00edvar fue asignado a la Comisi\u00f3n de Comercio Formal e Informal, Fabiola Salazar ser\u00e1 responsable de Organismos Descentralizados y Desconcentrados, y Heber Herrera Coronel dirigir\u00e1 la Comisi\u00f3n de Juventud y Deporte. Finalmente, la Comisi\u00f3n de Salud P\u00fablica y Asistencia Social estar\u00e1 bajo la supervisi\u00f3n de Javier Luna P\u00e9rez. Con la definici\u00f3n de estas comisiones, el Ayuntamiento de Jerez inicia formalmente su labor en diversas \u00e1reas clave, buscando atender las necesidades de la ciudadan\u00eda y fortalecer el desarrollo\u00a0del\u00a0municipio.<\/p>\n<p><a  href=\"https:\/\/enconecte.com\/wp-content\/uploads\/2024\/10\/Imagen-de-WhatsApp-2024-09-26-a-las-14.54.38_7c4074af.jpg\" data-rel=\"lightbox-gallery-0\" data-rl_title=\"\" data-rl_caption=\"\" title=\"\"><img loading=\"lazy\" decoding=\"async\" class=\"alignnone size-full wp-image-24257\" src=\"https:\/\/enconecte.com\/wp-content\/uploads\/2024\/10\/Imagen-de-WhatsApp-2024-09-26-a-las-14.54.38_7c4074af.jpg\" alt=\"\" width=\"1600\" height=\"1066\" srcset=\"https:\/\/enconecte.com\/wp-content\/uploads\/2024\/10\/Imagen-de-WhatsApp-2024-09-26-a-las-14.54.38_7c4074af.jpg 1600w, https:\/\/enconecte.com\/wp-content\/uploads\/2024\/10\/Imagen-de-WhatsApp-2024-09-26-a-las-14.54.38_7c4074af-300x200.jpg 300w, https:\/\/enconecte.com\/wp-content\/uploads\/2024\/10\/Imagen-de-WhatsApp-2024-09-26-a-las-14.54.38_7c4074af-1024x682.jpg 1024w, https:\/\/enconecte.com\/wp-content\/uploads\/2024\/10\/Imagen-de-WhatsApp-2024-09-26-a-las-14.54.38_7c4074af-768x512.jpg 768w, https:\/\/enconecte.com\/wp-content\/uploads\/2024\/10\/Imagen-de-WhatsApp-2024-09-26-a-las-14.54.38_7c4074af-1536x1023.jpg 1536w\" sizes=\"auto, (max-width: 1600px) 100vw, 1600px\" \/><\/a><\/p>\n","protected":false},"excerpt":{"rendered":"<p>En el marco de la primera sesi\u00f3n ordinaria de Cabildo, encabezada por el alcalde Rodrigo Ure\u00f1o Ba\u00f1uelos, se llev\u00f3 a cabo la designaci\u00f3n de comisiones para los regidores y la s\u00edndico del H. Ayuntamiento de Jerez. Durante la sesi\u00f3n, se definieron las responsabilidades que cada regidor asumir\u00e1 en esta administraci\u00f3n. La s\u00edndico Susana de la [&hellip;]<\/p>\n","protected":false},"author":9,"featured_media":24256,"comment_status":"closed","ping_status":"closed","sticky":false,"template":"","format":"standard","meta":{"footnotes":""},"categories":[1370],"tags":[],"class_list":["post-24255","post","type-post","status-publish","format-standard","has-post-thumbnail","hentry","category-jerez"],"_links":{"self":[{"href":"https:\/\/enconecte.com\/index.php?rest_route=\/wp\/v2\/posts\/24255","targetHints":{"allow":["GET"]}}],"collection":[{"href":"https:\/\/enconecte.com\/index.php?rest_route=\/wp\/v2\/posts"}],"about":[{"href":"https:\/\/enconecte.com\/index.php?rest_route=\/wp\/v2\/types\/post"}],"author":[{"embeddable":true,"href":"https:\/\/enconecte.com\/index.php?rest_route=\/wp\/v2\/users\/9"}],"replies":[{"embeddable":true,"href":"https:\/\/enconecte.com\/index.php?rest_route=%2Fwp%2Fv2%2Fcomments&post=24255"}],"version-history":[{"count":0,"href":"https:\/\/enconecte.com\/index.php?rest_route=\/wp\/v2\/posts\/24255\/revisions"}],"wp:featuredmedia":[{"embeddable":true,"href":"https:\/\/enconecte.com\/index.php?rest_route=\/wp\/v2\/media\/24256"}],"wp:attachment":[{"href":"https:\/\/enconecte.com\/index.php?rest_route=%2Fwp%2Fv2%2Fmedia&parent=24255"}],"wp:term":[{"taxonomy":"category","embeddable":true,"href":"https:\/\/enconecte.com\/index.php?rest_route=%2Fwp%2Fv2%2Fcategories&post=24255"},{"taxonomy":"post_tag","embeddable":true,"href":"https:\/\/enconecte.com\/index.php?rest_route=%2Fwp%2Fv2%2Ftags&post=24255"}],"curies":[{"name":"wp","href":"https:\/\/api.w.org\/{rel}","templated":true}]}}