{"id":24243,"date":"2024-10-08T18:02:46","date_gmt":"2024-10-09T00:02:46","guid":{"rendered":"https:\/\/enconecte.com\/?p=24243"},"modified":"2024-10-08T18:02:46","modified_gmt":"2024-10-09T00:02:46","slug":"preside-rodrigo-ureno-los-servicios-de-la-campana-soy-mexico","status":"publish","type":"post","link":"https:\/\/enconecte.com\/?p=24243","title":{"rendered":"PRESIDE RODRIGO URE\u00d1O LOS SERVICIOS DE LA CAMPA\u00d1A SOY M\u00c9XICO"},"content":{"rendered":"<p>El Presidente Municipal Rodrigo Ure\u00f1o encabez\u00f3 el acto de apertura de la campa\u00f1a Soy M\u00e9xico, con el que se da un acercamiento a los tr\u00e1mites doble nacionalidad, correcci\u00f3n de actas y expedici\u00f3n de las mismas, servicios que de forma gratuita y segura lleva a cabo personal del Registro Civil del Estado.<\/p>\n<p>El Alcalde afirm\u00f3 que el objetivo es facilitar los tr\u00e1mites, que los tengan aqu\u00ed cerca y asi ya no tengan que acudir a la capital, adem\u00e1s de ser totalmente gratis, lo que beneficia directamente a la poblaci\u00f3n mexicoamericana que radica en el municipio.<\/p>\n<p>Acompa\u00f1aron a Rodrigo Ure\u00f1o el Jefe de atenci\u00f3n al migrante de la Direcci\u00f3n de registro Civil del Estado Jes\u00fas Florentino Raygoza, la presidenta honor\u00edfica del DIF municipal Estefana Casas y el oficial del Registro Civil en Jerez \u00d3scar\u00a0Iv\u00e1n\u00a0Esquivel.<\/p>\n<p><a  href=\"https:\/\/enconecte.com\/wp-content\/uploads\/2024\/10\/Imagen-de-WhatsApp-2024-10-08-a-las-15.32.25_3159dc7e.jpg\" data-rel=\"lightbox-gallery-0\" data-rl_title=\"\" data-rl_caption=\"\" title=\"\"><img loading=\"lazy\" decoding=\"async\" class=\"alignnone size-full wp-image-24245\" src=\"https:\/\/enconecte.com\/wp-content\/uploads\/2024\/10\/Imagen-de-WhatsApp-2024-10-08-a-las-15.32.25_3159dc7e.jpg\" alt=\"\" width=\"1509\" height=\"1006\" srcset=\"https:\/\/enconecte.com\/wp-content\/uploads\/2024\/10\/Imagen-de-WhatsApp-2024-10-08-a-las-15.32.25_3159dc7e.jpg 1509w, https:\/\/enconecte.com\/wp-content\/uploads\/2024\/10\/Imagen-de-WhatsApp-2024-10-08-a-las-15.32.25_3159dc7e-300x200.jpg 300w, https:\/\/enconecte.com\/wp-content\/uploads\/2024\/10\/Imagen-de-WhatsApp-2024-10-08-a-las-15.32.25_3159dc7e-1024x683.jpg 1024w, https:\/\/enconecte.com\/wp-content\/uploads\/2024\/10\/Imagen-de-WhatsApp-2024-10-08-a-las-15.32.25_3159dc7e-768x512.jpg 768w\" sizes=\"auto, (max-width: 1509px) 100vw, 1509px\" \/><\/a><\/p>\n","protected":false},"excerpt":{"rendered":"<p>El Presidente Municipal Rodrigo Ure\u00f1o encabez\u00f3 el acto de apertura de la campa\u00f1a Soy M\u00e9xico, con el que se da un acercamiento a los tr\u00e1mites doble nacionalidad, correcci\u00f3n de actas y expedici\u00f3n de las mismas, servicios que de forma gratuita y segura lleva a cabo personal del Registro Civil del Estado. El Alcalde afirm\u00f3 que [&hellip;]<\/p>\n","protected":false},"author":9,"featured_media":24244,"comment_status":"closed","ping_status":"closed","sticky":false,"template":"","format":"standard","meta":{"footnotes":""},"categories":[1370],"tags":[],"class_list":["post-24243","post","type-post","status-publish","format-standard","has-post-thumbnail","hentry","category-jerez"],"_links":{"self":[{"href":"https:\/\/enconecte.com\/index.php?rest_route=\/wp\/v2\/posts\/24243","targetHints":{"allow":["GET"]}}],"collection":[{"href":"https:\/\/enconecte.com\/index.php?rest_route=\/wp\/v2\/posts"}],"about":[{"href":"https:\/\/enconecte.com\/index.php?rest_route=\/wp\/v2\/types\/post"}],"author":[{"embeddable":true,"href":"https:\/\/enconecte.com\/index.php?rest_route=\/wp\/v2\/users\/9"}],"replies":[{"embeddable":true,"href":"https:\/\/enconecte.com\/index.php?rest_route=%2Fwp%2Fv2%2Fcomments&post=24243"}],"version-history":[{"count":0,"href":"https:\/\/enconecte.com\/index.php?rest_route=\/wp\/v2\/posts\/24243\/revisions"}],"wp:featuredmedia":[{"embeddable":true,"href":"https:\/\/enconecte.com\/index.php?rest_route=\/wp\/v2\/media\/24244"}],"wp:attachment":[{"href":"https:\/\/enconecte.com\/index.php?rest_route=%2Fwp%2Fv2%2Fmedia&parent=24243"}],"wp:term":[{"taxonomy":"category","embeddable":true,"href":"https:\/\/enconecte.com\/index.php?rest_route=%2Fwp%2Fv2%2Fcategories&post=24243"},{"taxonomy":"post_tag","embeddable":true,"href":"https:\/\/enconecte.com\/index.php?rest_route=%2Fwp%2Fv2%2Ftags&post=24243"}],"curies":[{"name":"wp","href":"https:\/\/api.w.org\/{rel}","templated":true}]}}