{"id":24240,"date":"2024-10-07T17:54:15","date_gmt":"2024-10-07T23:54:15","guid":{"rendered":"https:\/\/enconecte.com\/?p=24240"},"modified":"2024-10-08T17:55:41","modified_gmt":"2024-10-08T23:55:41","slug":"dif-jerez-entregara-3-mil-300-despensas","status":"publish","type":"post","link":"https:\/\/enconecte.com\/?p=24240","title":{"rendered":"DIF JEREZ ENTREGAR\u00c1 3 MIL 300 DESPENSAS"},"content":{"rendered":"<p>La Presidenta Honor\u00edfica del DIF Municipal, Estefana Casas Gonz\u00e1lez, dio arranque a la entrega de 3 mil 300 apoyos del Programa de Asistencia Alimentaria a personas de atenci\u00f3n prioritaria, que llevar\u00e1 despensas a familias en situaci\u00f3n de vulnerabilidad de comunidades y colonias de Jerez.<\/p>\n<p>Al dar el banderazo de salida a los primeros apoyos, Casas Gonz\u00e1lez refrend\u00f3 su compromiso y el del Alcalde Rodrigo Ure\u00f1o Ba\u00f1uelos, de hacerlos llegar en tiempo y forma a quienes realmente lo necesitan, motivo por el cual se reactiv\u00f3 la entrega de despensas de dicho programa.<\/p>\n<p>En presencia de la Directora del Sistema, Mar\u00eda Isabel Salazar Sald\u00edvar, y la Titular de la Jefatura de Programas Alimentarios, Seiry Marl\u00e9n de Santiago Ruiz, los veh\u00edculos con el cargamento oficial partieron para realizar de forma personalizada a cada beneficiario la entrega que corresponde a una reserva de tres meses pasados, la cual se normalizar\u00e1 para realizarse de forma mensual hasta culminar\u00a0el\u00a0a\u00f1o.<\/p>\n<p><a  href=\"https:\/\/enconecte.com\/wp-content\/uploads\/2024\/10\/Imagen-de-WhatsApp-2024-10-07-a-las-15.29.04_6b036750.jpg\" data-rel=\"lightbox-gallery-0\" data-rl_title=\"\" data-rl_caption=\"\" title=\"\"><img loading=\"lazy\" decoding=\"async\" class=\"alignnone size-full wp-image-24242\" src=\"https:\/\/enconecte.com\/wp-content\/uploads\/2024\/10\/Imagen-de-WhatsApp-2024-10-07-a-las-15.29.04_6b036750.jpg\" alt=\"\" width=\"1280\" height=\"853\" srcset=\"https:\/\/enconecte.com\/wp-content\/uploads\/2024\/10\/Imagen-de-WhatsApp-2024-10-07-a-las-15.29.04_6b036750.jpg 1280w, https:\/\/enconecte.com\/wp-content\/uploads\/2024\/10\/Imagen-de-WhatsApp-2024-10-07-a-las-15.29.04_6b036750-300x200.jpg 300w, https:\/\/enconecte.com\/wp-content\/uploads\/2024\/10\/Imagen-de-WhatsApp-2024-10-07-a-las-15.29.04_6b036750-1024x682.jpg 1024w, https:\/\/enconecte.com\/wp-content\/uploads\/2024\/10\/Imagen-de-WhatsApp-2024-10-07-a-las-15.29.04_6b036750-768x512.jpg 768w\" sizes=\"auto, (max-width: 1280px) 100vw, 1280px\" \/><\/a><\/p>\n","protected":false},"excerpt":{"rendered":"<p>La Presidenta Honor\u00edfica del DIF Municipal, Estefana Casas Gonz\u00e1lez, dio arranque a la entrega de 3 mil 300 apoyos del Programa de Asistencia Alimentaria a personas de atenci\u00f3n prioritaria, que llevar\u00e1 despensas a familias en situaci\u00f3n de vulnerabilidad de comunidades y colonias de Jerez. Al dar el banderazo de salida a los primeros apoyos, Casas [&hellip;]<\/p>\n","protected":false},"author":9,"featured_media":24241,"comment_status":"closed","ping_status":"closed","sticky":false,"template":"","format":"standard","meta":{"footnotes":""},"categories":[1370],"tags":[],"class_list":["post-24240","post","type-post","status-publish","format-standard","has-post-thumbnail","hentry","category-jerez"],"_links":{"self":[{"href":"https:\/\/enconecte.com\/index.php?rest_route=\/wp\/v2\/posts\/24240","targetHints":{"allow":["GET"]}}],"collection":[{"href":"https:\/\/enconecte.com\/index.php?rest_route=\/wp\/v2\/posts"}],"about":[{"href":"https:\/\/enconecte.com\/index.php?rest_route=\/wp\/v2\/types\/post"}],"author":[{"embeddable":true,"href":"https:\/\/enconecte.com\/index.php?rest_route=\/wp\/v2\/users\/9"}],"replies":[{"embeddable":true,"href":"https:\/\/enconecte.com\/index.php?rest_route=%2Fwp%2Fv2%2Fcomments&post=24240"}],"version-history":[{"count":0,"href":"https:\/\/enconecte.com\/index.php?rest_route=\/wp\/v2\/posts\/24240\/revisions"}],"wp:featuredmedia":[{"embeddable":true,"href":"https:\/\/enconecte.com\/index.php?rest_route=\/wp\/v2\/media\/24241"}],"wp:attachment":[{"href":"https:\/\/enconecte.com\/index.php?rest_route=%2Fwp%2Fv2%2Fmedia&parent=24240"}],"wp:term":[{"taxonomy":"category","embeddable":true,"href":"https:\/\/enconecte.com\/index.php?rest_route=%2Fwp%2Fv2%2Fcategories&post=24240"},{"taxonomy":"post_tag","embeddable":true,"href":"https:\/\/enconecte.com\/index.php?rest_route=%2Fwp%2Fv2%2Ftags&post=24240"}],"curies":[{"name":"wp","href":"https:\/\/api.w.org\/{rel}","templated":true}]}}