{"id":24229,"date":"2024-10-05T17:48:55","date_gmt":"2024-10-05T23:48:55","guid":{"rendered":"https:\/\/enconecte.com\/?p=24229"},"modified":"2024-10-08T17:49:31","modified_gmt":"2024-10-08T23:49:31","slug":"rodrigo-ureno-inaugura-el-festival-gastronomico-sabores-mestizos","status":"publish","type":"post","link":"https:\/\/enconecte.com\/?p=24229","title":{"rendered":"RODRIGO URE\u00d1O INAUGURA EL FESTIVAL GASTRON\u00d3MICO SABORES MESTIZOS"},"content":{"rendered":"<p>El Presidente Municipal Rodrigo Ure\u00f1o inaugur\u00f3 el Festival Gastron\u00f3mico Sabores Mestizos &#8220;Todos a la Mesa&#8221;, una exhibici\u00f3n y venta de negocios y productores locales que proyecta la exquisita gastronom\u00eda local, como referente para la visita a este Pueblo M\u00e1gico.<\/p>\n<p>&#8220;Estamos presumiendo nuestro querido Jerez que como siempre he dicho, tiene de todo: m\u00fasica, comida, cultura; somos un pueblo grande y bonito&#8221; expres\u00f3 el Alcalde en la inauguraci\u00f3n del evento organizado por el Departamento de Turismo a cargo de Cristina Salcedo en coordinaci\u00f3n con el Instituto Jerezano de Cultura que dirige Guadalupe Rodr\u00edguez.<\/p>\n<p>Posteriormente el Alcalde, acompa\u00f1ado de la Presidenta Honor\u00edfica del DIF Municipal, Estefana Casas, realizaron una degustaci\u00f3n y recorrido por el Pabell\u00f3n, adem\u00e1s formaron parte de las Estaciones Sensoriales al interior del Jard\u00edn Principal, a cargo de los alumnos de gastronom\u00eda de la UAZ.<br \/>\nEl Pabell\u00f3n de comida continuar\u00e1 el d\u00eda domingo con la participaci\u00f3n de restaurantes locales y vendedores del comercio\u00a0informal.<\/p>\n<p><a  href=\"https:\/\/enconecte.com\/wp-content\/uploads\/2024\/10\/Imagen-de-WhatsApp-2024-10-05-a-las-15.19.19_cfddfd5a.jpg\" data-rel=\"lightbox-gallery-0\" data-rl_title=\"\" data-rl_caption=\"\" title=\"\"><img loading=\"lazy\" decoding=\"async\" class=\"alignnone size-full wp-image-24230\" src=\"https:\/\/enconecte.com\/wp-content\/uploads\/2024\/10\/Imagen-de-WhatsApp-2024-10-05-a-las-15.19.19_cfddfd5a.jpg\" alt=\"\" width=\"1600\" height=\"1066\" srcset=\"https:\/\/enconecte.com\/wp-content\/uploads\/2024\/10\/Imagen-de-WhatsApp-2024-10-05-a-las-15.19.19_cfddfd5a.jpg 1600w, https:\/\/enconecte.com\/wp-content\/uploads\/2024\/10\/Imagen-de-WhatsApp-2024-10-05-a-las-15.19.19_cfddfd5a-300x200.jpg 300w, https:\/\/enconecte.com\/wp-content\/uploads\/2024\/10\/Imagen-de-WhatsApp-2024-10-05-a-las-15.19.19_cfddfd5a-1024x682.jpg 1024w, https:\/\/enconecte.com\/wp-content\/uploads\/2024\/10\/Imagen-de-WhatsApp-2024-10-05-a-las-15.19.19_cfddfd5a-768x512.jpg 768w, https:\/\/enconecte.com\/wp-content\/uploads\/2024\/10\/Imagen-de-WhatsApp-2024-10-05-a-las-15.19.19_cfddfd5a-1536x1023.jpg 1536w\" sizes=\"auto, (max-width: 1600px) 100vw, 1600px\" \/><\/a><\/p>\n","protected":false},"excerpt":{"rendered":"<p>El Presidente Municipal Rodrigo Ure\u00f1o inaugur\u00f3 el Festival Gastron\u00f3mico Sabores Mestizos &#8220;Todos a la Mesa&#8221;, una exhibici\u00f3n y venta de negocios y productores locales que proyecta la exquisita gastronom\u00eda local, como referente para la visita a este Pueblo M\u00e1gico. &#8220;Estamos presumiendo nuestro querido Jerez que como siempre he dicho, tiene de todo: m\u00fasica, comida, cultura; [&hellip;]<\/p>\n","protected":false},"author":9,"featured_media":24231,"comment_status":"closed","ping_status":"closed","sticky":false,"template":"","format":"standard","meta":{"footnotes":""},"categories":[1370],"tags":[],"class_list":["post-24229","post","type-post","status-publish","format-standard","has-post-thumbnail","hentry","category-jerez"],"_links":{"self":[{"href":"https:\/\/enconecte.com\/index.php?rest_route=\/wp\/v2\/posts\/24229","targetHints":{"allow":["GET"]}}],"collection":[{"href":"https:\/\/enconecte.com\/index.php?rest_route=\/wp\/v2\/posts"}],"about":[{"href":"https:\/\/enconecte.com\/index.php?rest_route=\/wp\/v2\/types\/post"}],"author":[{"embeddable":true,"href":"https:\/\/enconecte.com\/index.php?rest_route=\/wp\/v2\/users\/9"}],"replies":[{"embeddable":true,"href":"https:\/\/enconecte.com\/index.php?rest_route=%2Fwp%2Fv2%2Fcomments&post=24229"}],"version-history":[{"count":0,"href":"https:\/\/enconecte.com\/index.php?rest_route=\/wp\/v2\/posts\/24229\/revisions"}],"wp:featuredmedia":[{"embeddable":true,"href":"https:\/\/enconecte.com\/index.php?rest_route=\/wp\/v2\/media\/24231"}],"wp:attachment":[{"href":"https:\/\/enconecte.com\/index.php?rest_route=%2Fwp%2Fv2%2Fmedia&parent=24229"}],"wp:term":[{"taxonomy":"category","embeddable":true,"href":"https:\/\/enconecte.com\/index.php?rest_route=%2Fwp%2Fv2%2Fcategories&post=24229"},{"taxonomy":"post_tag","embeddable":true,"href":"https:\/\/enconecte.com\/index.php?rest_route=%2Fwp%2Fv2%2Ftags&post=24229"}],"curies":[{"name":"wp","href":"https:\/\/api.w.org\/{rel}","templated":true}]}}