{"id":24225,"date":"2024-10-04T17:43:25","date_gmt":"2024-10-04T23:43:25","guid":{"rendered":"https:\/\/enconecte.com\/?p=24225"},"modified":"2024-10-08T17:43:49","modified_gmt":"2024-10-08T23:43:49","slug":"anuncia-rodrigo-ureno-dignificacion-de-espacios-del-rastro-municipal","status":"publish","type":"post","link":"https:\/\/enconecte.com\/?p=24225","title":{"rendered":"ANUNCIA RODRIGO URE\u00d1O DIGNIFICACI\u00d3N DE ESPACIOS DEL RASTRO MUNICIPAL"},"content":{"rendered":"<p>El Presidente Municipal Rodrigo Ure\u00f1o Ba\u00f1uelos, recorri\u00f3 las instalaciones del Rastro, donde identific\u00f3 las malas condiciones tanto del inmueble, como de los espacios laborales; afirm\u00f3 que una de las prioridades de su gobierno ser\u00e1 tener espacios dignos para que la plantilla laboral desarrolle de manera correcta sus tareas del diario, por ello pr\u00f3ximamente iniciar\u00e1n trabajos de remodelaci\u00f3n en una primera etapa de las oficinas, sanitarios y del \u00e1rea de vestidores del personal.<\/p>\n<p>En el recorrido el alcalde estuvo acompa\u00f1ado por la Encargada del Rastro Municipal, Jovita Ortega\u00a0Trujillo.<\/p>\n<p><a  href=\"https:\/\/enconecte.com\/wp-content\/uploads\/2024\/10\/Imagen-de-WhatsApp-2024-10-04-a-las-15.23.23_f010ba93.jpg\" data-rel=\"lightbox-gallery-0\" data-rl_title=\"\" data-rl_caption=\"\" title=\"\"><img loading=\"lazy\" decoding=\"async\" class=\"alignnone size-full wp-image-24226\" src=\"https:\/\/enconecte.com\/wp-content\/uploads\/2024\/10\/Imagen-de-WhatsApp-2024-10-04-a-las-15.23.23_f010ba93.jpg\" alt=\"\" width=\"1280\" height=\"720\" srcset=\"https:\/\/enconecte.com\/wp-content\/uploads\/2024\/10\/Imagen-de-WhatsApp-2024-10-04-a-las-15.23.23_f010ba93.jpg 1280w, https:\/\/enconecte.com\/wp-content\/uploads\/2024\/10\/Imagen-de-WhatsApp-2024-10-04-a-las-15.23.23_f010ba93-300x169.jpg 300w, https:\/\/enconecte.com\/wp-content\/uploads\/2024\/10\/Imagen-de-WhatsApp-2024-10-04-a-las-15.23.23_f010ba93-1024x576.jpg 1024w, https:\/\/enconecte.com\/wp-content\/uploads\/2024\/10\/Imagen-de-WhatsApp-2024-10-04-a-las-15.23.23_f010ba93-768x432.jpg 768w\" sizes=\"auto, (max-width: 1280px) 100vw, 1280px\" \/><\/a><\/p>\n","protected":false},"excerpt":{"rendered":"<p>El Presidente Municipal Rodrigo Ure\u00f1o Ba\u00f1uelos, recorri\u00f3 las instalaciones del Rastro, donde identific\u00f3 las malas condiciones tanto del inmueble, como de los espacios laborales; afirm\u00f3 que una de las prioridades de su gobierno ser\u00e1 tener espacios dignos para que la plantilla laboral desarrolle de manera correcta sus tareas del diario, por ello pr\u00f3ximamente iniciar\u00e1n trabajos [&hellip;]<\/p>\n","protected":false},"author":9,"featured_media":24227,"comment_status":"closed","ping_status":"closed","sticky":false,"template":"","format":"standard","meta":{"footnotes":""},"categories":[1370],"tags":[],"class_list":["post-24225","post","type-post","status-publish","format-standard","has-post-thumbnail","hentry","category-jerez"],"_links":{"self":[{"href":"https:\/\/enconecte.com\/index.php?rest_route=\/wp\/v2\/posts\/24225","targetHints":{"allow":["GET"]}}],"collection":[{"href":"https:\/\/enconecte.com\/index.php?rest_route=\/wp\/v2\/posts"}],"about":[{"href":"https:\/\/enconecte.com\/index.php?rest_route=\/wp\/v2\/types\/post"}],"author":[{"embeddable":true,"href":"https:\/\/enconecte.com\/index.php?rest_route=\/wp\/v2\/users\/9"}],"replies":[{"embeddable":true,"href":"https:\/\/enconecte.com\/index.php?rest_route=%2Fwp%2Fv2%2Fcomments&post=24225"}],"version-history":[{"count":0,"href":"https:\/\/enconecte.com\/index.php?rest_route=\/wp\/v2\/posts\/24225\/revisions"}],"wp:featuredmedia":[{"embeddable":true,"href":"https:\/\/enconecte.com\/index.php?rest_route=\/wp\/v2\/media\/24227"}],"wp:attachment":[{"href":"https:\/\/enconecte.com\/index.php?rest_route=%2Fwp%2Fv2%2Fmedia&parent=24225"}],"wp:term":[{"taxonomy":"category","embeddable":true,"href":"https:\/\/enconecte.com\/index.php?rest_route=%2Fwp%2Fv2%2Fcategories&post=24225"},{"taxonomy":"post_tag","embeddable":true,"href":"https:\/\/enconecte.com\/index.php?rest_route=%2Fwp%2Fv2%2Ftags&post=24225"}],"curies":[{"name":"wp","href":"https:\/\/api.w.org\/{rel}","templated":true}]}}