{"id":24222,"date":"2024-10-04T17:41:41","date_gmt":"2024-10-04T23:41:41","guid":{"rendered":"https:\/\/enconecte.com\/?p=24222"},"modified":"2024-10-08T17:43:07","modified_gmt":"2024-10-08T23:43:07","slug":"atiende-ayuntamiento-de-jerez-panteones-municipales","status":"publish","type":"post","link":"https:\/\/enconecte.com\/?p=24222","title":{"rendered":"ATIENDE AYUNTAMIENTO DE JEREZ PANTEONES MUNICIPALES"},"content":{"rendered":"<p>Ante las actividades pr\u00f3ximas por el D\u00eda de Muertos, El Presidente Municipal Rodrigo Ure\u00f1o dio indicaciones para comenzar los trabajos de mantenimiento en los panteones El Calvario y de La Soledad, con la finalidad de que los espacios se encuentren en buenas condiciones en dichas festividades.<\/p>\n<p>El Director de Obras y Servicios P\u00fablicos Municipales, Rub\u00e9n D\u00e1vila Aguilar agreg\u00f3 que los trabajos consisten en poda de zacate y maleza en los andadores de las tumbas, as\u00ed como limpieza general de los pasillos principales, remoci\u00f3n de coronas secas y frascos de veladoras en desuso.<\/p>\n<p>Agreg\u00f3 que en el pante\u00f3n \u00c1ngeles Eternos, se retir\u00f3 tierra que se hab\u00eda acumulado para mejorar el servicio\u00a0del\u00a0mismo.<\/p>\n<p><a  href=\"https:\/\/enconecte.com\/wp-content\/uploads\/2024\/10\/Imagen-de-WhatsApp-2024-10-04-a-las-15.04.04_e523b65d.jpg\" data-rel=\"lightbox-gallery-0\" data-rl_title=\"\" data-rl_caption=\"\" title=\"\"><img loading=\"lazy\" decoding=\"async\" class=\"alignnone size-full wp-image-24223\" src=\"https:\/\/enconecte.com\/wp-content\/uploads\/2024\/10\/Imagen-de-WhatsApp-2024-10-04-a-las-15.04.04_e523b65d.jpg\" alt=\"\" width=\"1200\" height=\"1600\" srcset=\"https:\/\/enconecte.com\/wp-content\/uploads\/2024\/10\/Imagen-de-WhatsApp-2024-10-04-a-las-15.04.04_e523b65d.jpg 1200w, https:\/\/enconecte.com\/wp-content\/uploads\/2024\/10\/Imagen-de-WhatsApp-2024-10-04-a-las-15.04.04_e523b65d-225x300.jpg 225w, https:\/\/enconecte.com\/wp-content\/uploads\/2024\/10\/Imagen-de-WhatsApp-2024-10-04-a-las-15.04.04_e523b65d-768x1024.jpg 768w, https:\/\/enconecte.com\/wp-content\/uploads\/2024\/10\/Imagen-de-WhatsApp-2024-10-04-a-las-15.04.04_e523b65d-1152x1536.jpg 1152w\" sizes=\"auto, (max-width: 1200px) 100vw, 1200px\" \/><\/a><\/p>\n","protected":false},"excerpt":{"rendered":"<p>Ante las actividades pr\u00f3ximas por el D\u00eda de Muertos, El Presidente Municipal Rodrigo Ure\u00f1o dio indicaciones para comenzar los trabajos de mantenimiento en los panteones El Calvario y de La Soledad, con la finalidad de que los espacios se encuentren en buenas condiciones en dichas festividades. El Director de Obras y Servicios P\u00fablicos Municipales, Rub\u00e9n [&hellip;]<\/p>\n","protected":false},"author":9,"featured_media":24224,"comment_status":"closed","ping_status":"closed","sticky":false,"template":"","format":"standard","meta":{"footnotes":""},"categories":[1370],"tags":[],"class_list":["post-24222","post","type-post","status-publish","format-standard","has-post-thumbnail","hentry","category-jerez"],"_links":{"self":[{"href":"https:\/\/enconecte.com\/index.php?rest_route=\/wp\/v2\/posts\/24222","targetHints":{"allow":["GET"]}}],"collection":[{"href":"https:\/\/enconecte.com\/index.php?rest_route=\/wp\/v2\/posts"}],"about":[{"href":"https:\/\/enconecte.com\/index.php?rest_route=\/wp\/v2\/types\/post"}],"author":[{"embeddable":true,"href":"https:\/\/enconecte.com\/index.php?rest_route=\/wp\/v2\/users\/9"}],"replies":[{"embeddable":true,"href":"https:\/\/enconecte.com\/index.php?rest_route=%2Fwp%2Fv2%2Fcomments&post=24222"}],"version-history":[{"count":0,"href":"https:\/\/enconecte.com\/index.php?rest_route=\/wp\/v2\/posts\/24222\/revisions"}],"wp:featuredmedia":[{"embeddable":true,"href":"https:\/\/enconecte.com\/index.php?rest_route=\/wp\/v2\/media\/24224"}],"wp:attachment":[{"href":"https:\/\/enconecte.com\/index.php?rest_route=%2Fwp%2Fv2%2Fmedia&parent=24222"}],"wp:term":[{"taxonomy":"category","embeddable":true,"href":"https:\/\/enconecte.com\/index.php?rest_route=%2Fwp%2Fv2%2Fcategories&post=24222"},{"taxonomy":"post_tag","embeddable":true,"href":"https:\/\/enconecte.com\/index.php?rest_route=%2Fwp%2Fv2%2Ftags&post=24222"}],"curies":[{"name":"wp","href":"https:\/\/api.w.org\/{rel}","templated":true}]}}