{"id":24219,"date":"2024-10-03T17:40:50","date_gmt":"2024-10-03T23:40:50","guid":{"rendered":"https:\/\/enconecte.com\/?p=24219"},"modified":"2024-10-08T17:41:17","modified_gmt":"2024-10-08T23:41:17","slug":"el-campo-es-prioridad-rodrigo-ureno","status":"publish","type":"post","link":"https:\/\/enconecte.com\/?p=24219","title":{"rendered":"EL CAMPO ES PRIORIDAD: RODRIGO URE\u00d1O"},"content":{"rendered":"<p>Enfocado en las opciones de mejora y beneficio del sector agropecuario, el presidente municipal Rodrigo Ure\u00f1o sostuvo una reuni\u00f3n con Eduardo Ariel Tapia, Jefe del Distrito 184 de la Secretar\u00eda de Agricultura y Desarrollo Rural (SADER), Luis F\u00e9lix P\u00e9rez Jefe de la CADER Villanueva y Rolando Ruiz V\u00e1zquez titular del Departamento Agropecuario.<\/p>\n<p>En esta audiencia el alcalde conoci\u00f3 los avances en los Programas 2024 en los que se incluyen: Cuota Energ\u00e9tica que contempla 159 pozos, Fertilizante para el Bienestar que actualmente beneficia a 1165 productores y Fomento a la Agricultura con 69 beneficiarios, adem\u00e1s de la promoci\u00f3n de capacitaciones permanente en las que se trabajara de forma conjunta en beneficio de los\u00a0productores.<\/p>\n<p><a  href=\"https:\/\/enconecte.com\/wp-content\/uploads\/2024\/10\/Imagen-de-WhatsApp-2024-10-03-a-las-15.29.51_2d687f97.jpg\" data-rel=\"lightbox-gallery-0\" data-rl_title=\"\" data-rl_caption=\"\" title=\"\"><img loading=\"lazy\" decoding=\"async\" class=\"alignnone size-full wp-image-24221\" src=\"https:\/\/enconecte.com\/wp-content\/uploads\/2024\/10\/Imagen-de-WhatsApp-2024-10-03-a-las-15.29.51_2d687f97.jpg\" alt=\"\" width=\"1600\" height=\"1066\" srcset=\"https:\/\/enconecte.com\/wp-content\/uploads\/2024\/10\/Imagen-de-WhatsApp-2024-10-03-a-las-15.29.51_2d687f97.jpg 1600w, https:\/\/enconecte.com\/wp-content\/uploads\/2024\/10\/Imagen-de-WhatsApp-2024-10-03-a-las-15.29.51_2d687f97-300x200.jpg 300w, https:\/\/enconecte.com\/wp-content\/uploads\/2024\/10\/Imagen-de-WhatsApp-2024-10-03-a-las-15.29.51_2d687f97-1024x682.jpg 1024w, https:\/\/enconecte.com\/wp-content\/uploads\/2024\/10\/Imagen-de-WhatsApp-2024-10-03-a-las-15.29.51_2d687f97-768x512.jpg 768w, https:\/\/enconecte.com\/wp-content\/uploads\/2024\/10\/Imagen-de-WhatsApp-2024-10-03-a-las-15.29.51_2d687f97-1536x1023.jpg 1536w\" sizes=\"auto, (max-width: 1600px) 100vw, 1600px\" \/><\/a><\/p>\n","protected":false},"excerpt":{"rendered":"<p>Enfocado en las opciones de mejora y beneficio del sector agropecuario, el presidente municipal Rodrigo Ure\u00f1o sostuvo una reuni\u00f3n con Eduardo Ariel Tapia, Jefe del Distrito 184 de la Secretar\u00eda de Agricultura y Desarrollo Rural (SADER), Luis F\u00e9lix P\u00e9rez Jefe de la CADER Villanueva y Rolando Ruiz V\u00e1zquez titular del Departamento Agropecuario. En esta audiencia [&hellip;]<\/p>\n","protected":false},"author":9,"featured_media":24220,"comment_status":"closed","ping_status":"closed","sticky":false,"template":"","format":"standard","meta":{"footnotes":""},"categories":[1370],"tags":[],"class_list":["post-24219","post","type-post","status-publish","format-standard","has-post-thumbnail","hentry","category-jerez"],"_links":{"self":[{"href":"https:\/\/enconecte.com\/index.php?rest_route=\/wp\/v2\/posts\/24219","targetHints":{"allow":["GET"]}}],"collection":[{"href":"https:\/\/enconecte.com\/index.php?rest_route=\/wp\/v2\/posts"}],"about":[{"href":"https:\/\/enconecte.com\/index.php?rest_route=\/wp\/v2\/types\/post"}],"author":[{"embeddable":true,"href":"https:\/\/enconecte.com\/index.php?rest_route=\/wp\/v2\/users\/9"}],"replies":[{"embeddable":true,"href":"https:\/\/enconecte.com\/index.php?rest_route=%2Fwp%2Fv2%2Fcomments&post=24219"}],"version-history":[{"count":0,"href":"https:\/\/enconecte.com\/index.php?rest_route=\/wp\/v2\/posts\/24219\/revisions"}],"wp:featuredmedia":[{"embeddable":true,"href":"https:\/\/enconecte.com\/index.php?rest_route=\/wp\/v2\/media\/24220"}],"wp:attachment":[{"href":"https:\/\/enconecte.com\/index.php?rest_route=%2Fwp%2Fv2%2Fmedia&parent=24219"}],"wp:term":[{"taxonomy":"category","embeddable":true,"href":"https:\/\/enconecte.com\/index.php?rest_route=%2Fwp%2Fv2%2Fcategories&post=24219"},{"taxonomy":"post_tag","embeddable":true,"href":"https:\/\/enconecte.com\/index.php?rest_route=%2Fwp%2Fv2%2Ftags&post=24219"}],"curies":[{"name":"wp","href":"https:\/\/api.w.org\/{rel}","templated":true}]}}