{"id":24217,"date":"2024-09-30T17:40:14","date_gmt":"2024-09-30T23:40:14","guid":{"rendered":"https:\/\/enconecte.com\/?p=24217"},"modified":"2024-10-08T17:41:37","modified_gmt":"2024-10-08T23:41:37","slug":"organizan-en-jerez-festival-gastronomico-y-cultural","status":"publish","type":"post","link":"https:\/\/enconecte.com\/?p=24217","title":{"rendered":"ORGANIZAN EN JEREZ FESTIVAL GASTRON\u00d3MICO Y CULTURAL"},"content":{"rendered":"<p>El Ayuntamiento de Jerez, encabezado por el alcalde Rodrigo Ure\u00f1o, a trav\u00e9s del Departamento de Turismo en coordinaci\u00f3n con el Instituto Jerezano de Cultura, han organizado el Festival Gastron\u00f3mico Sabores Mestizos. Del 4 al 6 de octubre, en la Plaza Principal, donde los comensales podr\u00e1n disfrutar de la fusi\u00f3n de culturas que le dio sabor a nuestra cocina.<\/p>\n<p>El festival contar\u00e1 con un programa musical, gastron\u00f3mico y cultural bajo el lema \u201cTodos a la Mesa\u201d. Habr\u00e1 degustaciones, conferencias y la apertura de estaciones sensoriales. Entre los artistas participantes se encuentran F\u00f3nica, \u201cVibrato\u201d, Rizos Mestizos, Paty Santoyo, Melissa Sald\u00edvar, el trovador Juan Manuel Robledo, entre otros.<\/p>\n","protected":false},"excerpt":{"rendered":"<p>El Ayuntamiento de Jerez, encabezado por el alcalde Rodrigo Ure\u00f1o, a trav\u00e9s del Departamento de Turismo en coordinaci\u00f3n con el Instituto Jerezano de Cultura, han organizado el Festival Gastron\u00f3mico Sabores Mestizos. Del 4 al 6 de octubre, en la Plaza Principal, donde los comensales podr\u00e1n disfrutar de la fusi\u00f3n de culturas que le dio sabor [&hellip;]<\/p>\n","protected":false},"author":9,"featured_media":24218,"comment_status":"closed","ping_status":"closed","sticky":false,"template":"","format":"standard","meta":{"footnotes":""},"categories":[4,1370],"tags":[],"class_list":["post-24217","post","type-post","status-publish","format-standard","has-post-thumbnail","hentry","category-entretenimiento","category-jerez"],"_links":{"self":[{"href":"https:\/\/enconecte.com\/index.php?rest_route=\/wp\/v2\/posts\/24217","targetHints":{"allow":["GET"]}}],"collection":[{"href":"https:\/\/enconecte.com\/index.php?rest_route=\/wp\/v2\/posts"}],"about":[{"href":"https:\/\/enconecte.com\/index.php?rest_route=\/wp\/v2\/types\/post"}],"author":[{"embeddable":true,"href":"https:\/\/enconecte.com\/index.php?rest_route=\/wp\/v2\/users\/9"}],"replies":[{"embeddable":true,"href":"https:\/\/enconecte.com\/index.php?rest_route=%2Fwp%2Fv2%2Fcomments&post=24217"}],"version-history":[{"count":0,"href":"https:\/\/enconecte.com\/index.php?rest_route=\/wp\/v2\/posts\/24217\/revisions"}],"wp:featuredmedia":[{"embeddable":true,"href":"https:\/\/enconecte.com\/index.php?rest_route=\/wp\/v2\/media\/24218"}],"wp:attachment":[{"href":"https:\/\/enconecte.com\/index.php?rest_route=%2Fwp%2Fv2%2Fmedia&parent=24217"}],"wp:term":[{"taxonomy":"category","embeddable":true,"href":"https:\/\/enconecte.com\/index.php?rest_route=%2Fwp%2Fv2%2Fcategories&post=24217"},{"taxonomy":"post_tag","embeddable":true,"href":"https:\/\/enconecte.com\/index.php?rest_route=%2Fwp%2Fv2%2Ftags&post=24217"}],"curies":[{"name":"wp","href":"https:\/\/api.w.org\/{rel}","templated":true}]}}