{"id":24214,"date":"2024-09-28T17:39:41","date_gmt":"2024-09-28T23:39:41","guid":{"rendered":"https:\/\/enconecte.com\/?p=24214"},"modified":"2024-10-08T17:40:09","modified_gmt":"2024-10-08T23:40:09","slug":"al-no-haber-mayoria-cabildo-pide-nueva-terna-para-contralor","status":"publish","type":"post","link":"https:\/\/enconecte.com\/?p=24214","title":{"rendered":"AL NO HABER MAYOR\u00cdA, CABILDO PIDE NUEVA TERNA PARA CONTRALOR"},"content":{"rendered":"<p>En sesiones extraordinarias de Cabildo, presididas por el alcalde Rodrigo Ure\u00f1o Ba\u00f1uelos, se design\u00f3 la propuesta de una nueva terna para elegir al titular del \u00d3rgano Interno de Control Municipal, a la vez que se aprobaron acciones de participaci\u00f3n social.<\/p>\n<p>Con base en de la Ley Org\u00e1nica del Municipio en sus art\u00edculos 53 y 54 que estipula dos terceras partes de votaci\u00f3n de mayor\u00eda calificada del Cabildo para poder elegir al contralor, los resultados arrojaron la necesidad de establecer otra terna pues los candidatos presentados para ocupar el cargo Liborio Carrillo Castro, Maria Elva Sosa Mac\u00edas, y Carlos Alonso N\u00fa\u00f1ez Campos, obtuvieron seis, cinco y cero votos respectivamente, con tres abstenciones.<\/p>\n<p>A la par se aprobaron acciones de coparticipaci\u00f3n social consideradas como base para lograr el pleno desarrollo de Jerez, autorizando la emisi\u00f3n de la convocatoria de elecci\u00f3n de los Comit\u00e9s de Participaci\u00f3n Ciudadana en colonias, fraccionamientos y comunidades de Jerez, y la convocatoria de elecci\u00f3n de los Delegados Municipales para el periodo\u00a02024-2027.<\/p>\n<p><a  href=\"https:\/\/enconecte.com\/wp-content\/uploads\/2024\/10\/Imagen-de-WhatsApp-2024-09-28-a-las-16.16.19_e370ee91.jpg\" data-rel=\"lightbox-gallery-0\" data-rl_title=\"\" data-rl_caption=\"\" title=\"\"><img loading=\"lazy\" decoding=\"async\" class=\"alignnone size-full wp-image-24216\" src=\"https:\/\/enconecte.com\/wp-content\/uploads\/2024\/10\/Imagen-de-WhatsApp-2024-09-28-a-las-16.16.19_e370ee91.jpg\" alt=\"\" width=\"1600\" height=\"1066\" srcset=\"https:\/\/enconecte.com\/wp-content\/uploads\/2024\/10\/Imagen-de-WhatsApp-2024-09-28-a-las-16.16.19_e370ee91.jpg 1600w, https:\/\/enconecte.com\/wp-content\/uploads\/2024\/10\/Imagen-de-WhatsApp-2024-09-28-a-las-16.16.19_e370ee91-300x200.jpg 300w, https:\/\/enconecte.com\/wp-content\/uploads\/2024\/10\/Imagen-de-WhatsApp-2024-09-28-a-las-16.16.19_e370ee91-1024x682.jpg 1024w, https:\/\/enconecte.com\/wp-content\/uploads\/2024\/10\/Imagen-de-WhatsApp-2024-09-28-a-las-16.16.19_e370ee91-768x512.jpg 768w, https:\/\/enconecte.com\/wp-content\/uploads\/2024\/10\/Imagen-de-WhatsApp-2024-09-28-a-las-16.16.19_e370ee91-1536x1023.jpg 1536w\" sizes=\"auto, (max-width: 1600px) 100vw, 1600px\" \/><\/a><\/p>\n","protected":false},"excerpt":{"rendered":"<p>En sesiones extraordinarias de Cabildo, presididas por el alcalde Rodrigo Ure\u00f1o Ba\u00f1uelos, se design\u00f3 la propuesta de una nueva terna para elegir al titular del \u00d3rgano Interno de Control Municipal, a la vez que se aprobaron acciones de participaci\u00f3n social. Con base en de la Ley Org\u00e1nica del Municipio en sus art\u00edculos 53 y 54 [&hellip;]<\/p>\n","protected":false},"author":9,"featured_media":24215,"comment_status":"closed","ping_status":"closed","sticky":false,"template":"","format":"standard","meta":{"footnotes":""},"categories":[1370],"tags":[],"class_list":["post-24214","post","type-post","status-publish","format-standard","has-post-thumbnail","hentry","category-jerez"],"_links":{"self":[{"href":"https:\/\/enconecte.com\/index.php?rest_route=\/wp\/v2\/posts\/24214","targetHints":{"allow":["GET"]}}],"collection":[{"href":"https:\/\/enconecte.com\/index.php?rest_route=\/wp\/v2\/posts"}],"about":[{"href":"https:\/\/enconecte.com\/index.php?rest_route=\/wp\/v2\/types\/post"}],"author":[{"embeddable":true,"href":"https:\/\/enconecte.com\/index.php?rest_route=\/wp\/v2\/users\/9"}],"replies":[{"embeddable":true,"href":"https:\/\/enconecte.com\/index.php?rest_route=%2Fwp%2Fv2%2Fcomments&post=24214"}],"version-history":[{"count":0,"href":"https:\/\/enconecte.com\/index.php?rest_route=\/wp\/v2\/posts\/24214\/revisions"}],"wp:featuredmedia":[{"embeddable":true,"href":"https:\/\/enconecte.com\/index.php?rest_route=\/wp\/v2\/media\/24215"}],"wp:attachment":[{"href":"https:\/\/enconecte.com\/index.php?rest_route=%2Fwp%2Fv2%2Fmedia&parent=24214"}],"wp:term":[{"taxonomy":"category","embeddable":true,"href":"https:\/\/enconecte.com\/index.php?rest_route=%2Fwp%2Fv2%2Fcategories&post=24214"},{"taxonomy":"post_tag","embeddable":true,"href":"https:\/\/enconecte.com\/index.php?rest_route=%2Fwp%2Fv2%2Ftags&post=24214"}],"curies":[{"name":"wp","href":"https:\/\/api.w.org\/{rel}","templated":true}]}}