{"id":24209,"date":"2024-09-26T17:38:25","date_gmt":"2024-09-26T23:38:25","guid":{"rendered":"https:\/\/enconecte.com\/?p=24209"},"modified":"2024-10-08T17:39:11","modified_gmt":"2024-10-08T23:39:11","slug":"participa-ayuntamiento-de-jerez-en-el-evento-de-carril-y-lienzo-la-colonial","status":"publish","type":"post","link":"https:\/\/enconecte.com\/?p=24209","title":{"rendered":"PARTICIPA AYUNTAMIENTO DE JEREZ EN EL EVENTO DE CARRIL Y LIENZO LA COLONIAL"},"content":{"rendered":"<p>En rueda de prensa, el Presidente Municipal de Jerez, Rodrigo Ure\u00f1o , acompa\u00f1ado por el empresario Edgar \u00c1lvarez y la Jefa de Turismo Cristina Salcedo , anunci\u00f3 la participaci\u00f3n del Ayuntamiento en el evento de Carril y Lienzo La Colonial , que se llevar\u00e1 a cabo este viernes 27 de septiembre . El Ayuntamiento estar\u00e1 presente con la instalaci\u00f3n del Pabell\u00f3n Jerez M\u00e1gico \u201cNuestra Cultura Artesanal\u201d , un espacio dedicado a la exposici\u00f3n de productos de artesanos, emprendedores y agroindustria locales.<\/p>\n<p>\u00c1lvarez agradeci\u00f3 el apoyo del Presidente Municipal y destac\u00f3 la participaci\u00f3n de cuadras de renombre como Lucero, Paz, Navegante, El Hueasteco y Zacatecas, provenientes de estados como Jalisco, Aguascalientes, Durango, San Luis Potos\u00ed y Zacatecas . La primera carrera ecuestre comenzar\u00e1 a las 1:30 pm. Por su parte, Cristina Salcedo exhort\u00f3 a los artesanos, emprendedores y productores a acercarse a las oficinas de Turismo para integrarse en futuros pabellones, exposiciones y festivales, como parte del compromiso del alcalde con la econom\u00eda local .<\/p>\n<p>Ure\u00f1o invit\u00f3 a la ciudadan\u00eda y visitantes a asistir al evento, asegurando que ser\u00e1n bienvenidos y facilitando el transporte mediante el Turibus , que partir\u00e1 del Centro de Jerez hacia La Colonial. Tambi\u00e9n destac\u00f3 la calidad del hospedaje y servicios en Jerez, invitando a disfrutar de todo lo que el municipio tiene\u00a0para\u00a0ofrecer.<\/p>\n<p><a  href=\"https:\/\/enconecte.com\/wp-content\/uploads\/2024\/10\/Imagen-de-WhatsApp-2024-09-26-a-las-14.41.05_a074cbd6.jpg\" data-rel=\"lightbox-gallery-0\" data-rl_title=\"\" data-rl_caption=\"\" title=\"\"><img loading=\"lazy\" decoding=\"async\" class=\"alignnone size-full wp-image-24213\" src=\"https:\/\/enconecte.com\/wp-content\/uploads\/2024\/10\/Imagen-de-WhatsApp-2024-09-26-a-las-14.41.05_a074cbd6.jpg\" alt=\"\" width=\"1280\" height=\"853\" srcset=\"https:\/\/enconecte.com\/wp-content\/uploads\/2024\/10\/Imagen-de-WhatsApp-2024-09-26-a-las-14.41.05_a074cbd6.jpg 1280w, https:\/\/enconecte.com\/wp-content\/uploads\/2024\/10\/Imagen-de-WhatsApp-2024-09-26-a-las-14.41.05_a074cbd6-300x200.jpg 300w, https:\/\/enconecte.com\/wp-content\/uploads\/2024\/10\/Imagen-de-WhatsApp-2024-09-26-a-las-14.41.05_a074cbd6-1024x682.jpg 1024w, https:\/\/enconecte.com\/wp-content\/uploads\/2024\/10\/Imagen-de-WhatsApp-2024-09-26-a-las-14.41.05_a074cbd6-768x512.jpg 768w\" sizes=\"auto, (max-width: 1280px) 100vw, 1280px\" \/><\/a><\/p>\n","protected":false},"excerpt":{"rendered":"<p>En rueda de prensa, el Presidente Municipal de Jerez, Rodrigo Ure\u00f1o , acompa\u00f1ado por el empresario Edgar \u00c1lvarez y la Jefa de Turismo Cristina Salcedo , anunci\u00f3 la participaci\u00f3n del Ayuntamiento en el evento de Carril y Lienzo La Colonial , que se llevar\u00e1 a cabo este viernes 27 de septiembre . El Ayuntamiento estar\u00e1 [&hellip;]<\/p>\n","protected":false},"author":9,"featured_media":24212,"comment_status":"closed","ping_status":"closed","sticky":false,"template":"","format":"standard","meta":{"footnotes":""},"categories":[1370],"tags":[],"class_list":["post-24209","post","type-post","status-publish","format-standard","has-post-thumbnail","hentry","category-jerez"],"_links":{"self":[{"href":"https:\/\/enconecte.com\/index.php?rest_route=\/wp\/v2\/posts\/24209","targetHints":{"allow":["GET"]}}],"collection":[{"href":"https:\/\/enconecte.com\/index.php?rest_route=\/wp\/v2\/posts"}],"about":[{"href":"https:\/\/enconecte.com\/index.php?rest_route=\/wp\/v2\/types\/post"}],"author":[{"embeddable":true,"href":"https:\/\/enconecte.com\/index.php?rest_route=\/wp\/v2\/users\/9"}],"replies":[{"embeddable":true,"href":"https:\/\/enconecte.com\/index.php?rest_route=%2Fwp%2Fv2%2Fcomments&post=24209"}],"version-history":[{"count":0,"href":"https:\/\/enconecte.com\/index.php?rest_route=\/wp\/v2\/posts\/24209\/revisions"}],"wp:featuredmedia":[{"embeddable":true,"href":"https:\/\/enconecte.com\/index.php?rest_route=\/wp\/v2\/media\/24212"}],"wp:attachment":[{"href":"https:\/\/enconecte.com\/index.php?rest_route=%2Fwp%2Fv2%2Fmedia&parent=24209"}],"wp:term":[{"taxonomy":"category","embeddable":true,"href":"https:\/\/enconecte.com\/index.php?rest_route=%2Fwp%2Fv2%2Fcategories&post=24209"},{"taxonomy":"post_tag","embeddable":true,"href":"https:\/\/enconecte.com\/index.php?rest_route=%2Fwp%2Fv2%2Ftags&post=24209"}],"curies":[{"name":"wp","href":"https:\/\/api.w.org\/{rel}","templated":true}]}}