{"id":24202,"date":"2024-09-25T17:23:47","date_gmt":"2024-09-25T23:23:47","guid":{"rendered":"https:\/\/enconecte.com\/?p=24202"},"modified":"2024-10-08T17:24:19","modified_gmt":"2024-10-08T23:24:19","slug":"el-alcalde-rodrigo-ureno-gestiona-ante-el-congreso-federal-beneficios-en-temas-de-seguridad-carreteras-caminos-y-turismo","status":"publish","type":"post","link":"https:\/\/enconecte.com\/?p=24202","title":{"rendered":"EL ALCALDE RODRIGO URE\u00d1O GESTIONA ANTE EL CONGRESO FEDERAL BENEFICIOS EN TEMAS DE SEGURIDAD, CARRETERAS, CAMINOS Y TURISMO"},"content":{"rendered":"<ul>\n<li>El \u201cjerezano con botas y sombrero\u201d no tard\u00f3 en hacer su primera visita a las oficinas de diputados y senadores<\/li>\n<\/ul>\n<p>Ciudad de M\u00e9xico, 25 de septiembre de 2024- El Presidente Municipal de Jerez, Rodrigo Ure\u00f1o, acudi\u00f3 a las dos c\u00e1maras legislativas federales para solicitar que se considere a Jerez dentro de las iniciativas para la mejora de carreteras y caminos, destacando esta inversi\u00f3n como estrat\u00e9gica para el desarrollo municipal, estatal y regional. Adem\u00e1s, subray\u00f3 la importancia del impulso al turismo, uno de los principales pilares econ\u00f3micos del pueblo m\u00e1gico.<\/p>\n<p>C\u00f3mo mencion\u00f3 en su toma de protesta, lleg\u00f3 al congreso con \u201cuna listita de gestiones, a ver si nos hacen el favor de incluirlas en el pr\u00f3ximo presupuesto\u201d el \u201cjerezano con botas y sombrero\u201d no tard\u00f3 en hacer su primera visita a las oficinas de diputados y senadores &#8220;para puras cosas buenas&#8221;. Recibido por el Diputado Federal Ulises Mej\u00eda Haro, plante\u00f3 ante legisladores los beneficios de mejorar las carreteras y caminos, no solo para el transporte de mercanc\u00edas y productos agr\u00edcolas, sino que tambi\u00e9n garantizar el acceso a servicios esenciales como educaci\u00f3n y salud. Las solicitudes presentadas incluyen la repavimentaci\u00f3n de rutas principales y la reparaci\u00f3n de caminos que conectan las diferentes comunidades de Jerez. En cuanto a la seguridad, y con el apoyo del Congreso, se busca aumentar el n\u00famero de patrullas policiales en las calles y mejorar los recursos tecnol\u00f3gicos disponibles para los cuerpos de seguridad.<\/p>\n<p>Adem\u00e1s de Mej\u00eda Haro, Ure\u00f1o se reuni\u00f3, entre otros, con Noemi Luna, Ricardo Monreal \u00c1vila, Magdalena N\u00fa\u00f1ez, Ana Luisa del Muro, Claudia Anaya, Geovana Ba\u00f1uelos, Alberto Anaya, Amalia Garc\u00eda Medina y Javier Corral. Al salir del Congreso, el alcalde jerezano mencion\u00f3: \u201cNo me cansar\u00e9 de tocar puertas para gestionar y encontrar apoyo para Jerez. Voy a traer programas, proyectos y oportunidades para\u00a0nuestra\u00a0gente\u201d.<\/p>\n<p><a  href=\"https:\/\/enconecte.com\/wp-content\/uploads\/2024\/10\/Imagen-de-WhatsApp-2024-09-25-a-las-11.22.09_334968ba.jpg\" data-rel=\"lightbox-gallery-0\" data-rl_title=\"\" data-rl_caption=\"\" title=\"\"><img loading=\"lazy\" decoding=\"async\" class=\"alignnone size-full wp-image-24203\" src=\"https:\/\/enconecte.com\/wp-content\/uploads\/2024\/10\/Imagen-de-WhatsApp-2024-09-25-a-las-11.22.09_334968ba.jpg\" alt=\"\" width=\"1200\" height=\"1600\" srcset=\"https:\/\/enconecte.com\/wp-content\/uploads\/2024\/10\/Imagen-de-WhatsApp-2024-09-25-a-las-11.22.09_334968ba.jpg 1200w, https:\/\/enconecte.com\/wp-content\/uploads\/2024\/10\/Imagen-de-WhatsApp-2024-09-25-a-las-11.22.09_334968ba-225x300.jpg 225w, https:\/\/enconecte.com\/wp-content\/uploads\/2024\/10\/Imagen-de-WhatsApp-2024-09-25-a-las-11.22.09_334968ba-768x1024.jpg 768w, https:\/\/enconecte.com\/wp-content\/uploads\/2024\/10\/Imagen-de-WhatsApp-2024-09-25-a-las-11.22.09_334968ba-1152x1536.jpg 1152w\" sizes=\"auto, (max-width: 1200px) 100vw, 1200px\" \/><\/a><\/p>\n","protected":false},"excerpt":{"rendered":"<p>El \u201cjerezano con botas y sombrero\u201d no tard\u00f3 en hacer su primera visita a las oficinas de diputados y senadores Ciudad de M\u00e9xico, 25 de septiembre de 2024- El Presidente Municipal de Jerez, Rodrigo Ure\u00f1o, acudi\u00f3 a las dos c\u00e1maras legislativas federales para solicitar que se considere a Jerez dentro de las iniciativas para la [&hellip;]<\/p>\n","protected":false},"author":9,"featured_media":24204,"comment_status":"closed","ping_status":"closed","sticky":false,"template":"","format":"standard","meta":{"footnotes":""},"categories":[1370],"tags":[],"class_list":["post-24202","post","type-post","status-publish","format-standard","has-post-thumbnail","hentry","category-jerez"],"_links":{"self":[{"href":"https:\/\/enconecte.com\/index.php?rest_route=\/wp\/v2\/posts\/24202","targetHints":{"allow":["GET"]}}],"collection":[{"href":"https:\/\/enconecte.com\/index.php?rest_route=\/wp\/v2\/posts"}],"about":[{"href":"https:\/\/enconecte.com\/index.php?rest_route=\/wp\/v2\/types\/post"}],"author":[{"embeddable":true,"href":"https:\/\/enconecte.com\/index.php?rest_route=\/wp\/v2\/users\/9"}],"replies":[{"embeddable":true,"href":"https:\/\/enconecte.com\/index.php?rest_route=%2Fwp%2Fv2%2Fcomments&post=24202"}],"version-history":[{"count":0,"href":"https:\/\/enconecte.com\/index.php?rest_route=\/wp\/v2\/posts\/24202\/revisions"}],"wp:featuredmedia":[{"embeddable":true,"href":"https:\/\/enconecte.com\/index.php?rest_route=\/wp\/v2\/media\/24204"}],"wp:attachment":[{"href":"https:\/\/enconecte.com\/index.php?rest_route=%2Fwp%2Fv2%2Fmedia&parent=24202"}],"wp:term":[{"taxonomy":"category","embeddable":true,"href":"https:\/\/enconecte.com\/index.php?rest_route=%2Fwp%2Fv2%2Fcategories&post=24202"},{"taxonomy":"post_tag","embeddable":true,"href":"https:\/\/enconecte.com\/index.php?rest_route=%2Fwp%2Fv2%2Ftags&post=24202"}],"curies":[{"name":"wp","href":"https:\/\/api.w.org\/{rel}","templated":true}]}}