{"id":24193,"date":"2024-09-19T17:46:05","date_gmt":"2024-09-19T23:46:05","guid":{"rendered":"https:\/\/enconecte.com\/?p=24193"},"modified":"2024-09-23T17:46:27","modified_gmt":"2024-09-23T23:46:27","slug":"se-suma-jerez-a-simulacro-nacional-de-evacuacion-de-sismo-2024","status":"publish","type":"post","link":"https:\/\/enconecte.com\/?p=24193","title":{"rendered":"SE SUMA JEREZ A SIMULACRO NACIONAL DE EVACUACI\u00d3N DE SISMO 2024"},"content":{"rendered":"<p>El Gobierno Municipal encabezado por el Alcalde Rodrigo Ure\u00f1o Ba\u00f1uelos, y la ciudadan\u00eda jerezana, se sumaron al Simulacro Nacional de Evacuaci\u00f3n 2024, reiterando as\u00ed su inter\u00e9s en la cultura de prevenci\u00f3n y autoprotecci\u00f3n ante contingencias.<\/p>\n<p>Para el simulacro, la Coordinaci\u00f3n Municipal de Protecci\u00f3n Civil y Gesti\u00f3n de Emergencias, dirigi\u00f3 una log\u00edstica en la que participaron desde cuatro puntos estrat\u00e9gicos de Jerez dependencias gubernamentales, instituciones educativas, comercios y poblaci\u00f3n en general, en torno a la alerta de sismo hipot\u00e9tico de magnitud 7.5 enviada a las 11:00 de la ma\u00f1ana por el Servicio Sismol\u00f3gico\u00a0Nacional.<\/p>\n<p><a  href=\"https:\/\/enconecte.com\/wp-content\/uploads\/2024\/09\/Imagen-de-WhatsApp-2024-09-19-a-las-13.13.38_f53447f3.jpg\" data-rel=\"lightbox-gallery-0\" data-rl_title=\"\" data-rl_caption=\"\" title=\"\"><img loading=\"lazy\" decoding=\"async\" class=\"alignnone size-full wp-image-24194\" src=\"https:\/\/enconecte.com\/wp-content\/uploads\/2024\/09\/Imagen-de-WhatsApp-2024-09-19-a-las-13.13.38_f53447f3.jpg\" alt=\"\" width=\"1600\" height=\"1066\" srcset=\"https:\/\/enconecte.com\/wp-content\/uploads\/2024\/09\/Imagen-de-WhatsApp-2024-09-19-a-las-13.13.38_f53447f3.jpg 1600w, https:\/\/enconecte.com\/wp-content\/uploads\/2024\/09\/Imagen-de-WhatsApp-2024-09-19-a-las-13.13.38_f53447f3-300x200.jpg 300w, https:\/\/enconecte.com\/wp-content\/uploads\/2024\/09\/Imagen-de-WhatsApp-2024-09-19-a-las-13.13.38_f53447f3-1024x682.jpg 1024w, https:\/\/enconecte.com\/wp-content\/uploads\/2024\/09\/Imagen-de-WhatsApp-2024-09-19-a-las-13.13.38_f53447f3-768x512.jpg 768w, https:\/\/enconecte.com\/wp-content\/uploads\/2024\/09\/Imagen-de-WhatsApp-2024-09-19-a-las-13.13.38_f53447f3-1536x1023.jpg 1536w\" sizes=\"auto, (max-width: 1600px) 100vw, 1600px\" \/><\/a><\/p>\n","protected":false},"excerpt":{"rendered":"<p>El Gobierno Municipal encabezado por el Alcalde Rodrigo Ure\u00f1o Ba\u00f1uelos, y la ciudadan\u00eda jerezana, se sumaron al Simulacro Nacional de Evacuaci\u00f3n 2024, reiterando as\u00ed su inter\u00e9s en la cultura de prevenci\u00f3n y autoprotecci\u00f3n ante contingencias. Para el simulacro, la Coordinaci\u00f3n Municipal de Protecci\u00f3n Civil y Gesti\u00f3n de Emergencias, dirigi\u00f3 una log\u00edstica en la que participaron [&hellip;]<\/p>\n","protected":false},"author":9,"featured_media":24195,"comment_status":"closed","ping_status":"closed","sticky":false,"template":"","format":"standard","meta":{"footnotes":""},"categories":[1370],"tags":[],"class_list":["post-24193","post","type-post","status-publish","format-standard","has-post-thumbnail","hentry","category-jerez"],"_links":{"self":[{"href":"https:\/\/enconecte.com\/index.php?rest_route=\/wp\/v2\/posts\/24193","targetHints":{"allow":["GET"]}}],"collection":[{"href":"https:\/\/enconecte.com\/index.php?rest_route=\/wp\/v2\/posts"}],"about":[{"href":"https:\/\/enconecte.com\/index.php?rest_route=\/wp\/v2\/types\/post"}],"author":[{"embeddable":true,"href":"https:\/\/enconecte.com\/index.php?rest_route=\/wp\/v2\/users\/9"}],"replies":[{"embeddable":true,"href":"https:\/\/enconecte.com\/index.php?rest_route=%2Fwp%2Fv2%2Fcomments&post=24193"}],"version-history":[{"count":0,"href":"https:\/\/enconecte.com\/index.php?rest_route=\/wp\/v2\/posts\/24193\/revisions"}],"wp:featuredmedia":[{"embeddable":true,"href":"https:\/\/enconecte.com\/index.php?rest_route=\/wp\/v2\/media\/24195"}],"wp:attachment":[{"href":"https:\/\/enconecte.com\/index.php?rest_route=%2Fwp%2Fv2%2Fmedia&parent=24193"}],"wp:term":[{"taxonomy":"category","embeddable":true,"href":"https:\/\/enconecte.com\/index.php?rest_route=%2Fwp%2Fv2%2Fcategories&post=24193"},{"taxonomy":"post_tag","embeddable":true,"href":"https:\/\/enconecte.com\/index.php?rest_route=%2Fwp%2Fv2%2Ftags&post=24193"}],"curies":[{"name":"wp","href":"https:\/\/api.w.org\/{rel}","templated":true}]}}