{"id":24190,"date":"2024-09-18T17:45:26","date_gmt":"2024-09-18T23:45:26","guid":{"rendered":"https:\/\/enconecte.com\/?p=24190"},"modified":"2024-09-23T17:45:53","modified_gmt":"2024-09-23T23:45:53","slug":"camino-al-ranchito-estara-cerrado-al-trafico-vehicular-debido-a-mantenimiento","status":"publish","type":"post","link":"https:\/\/enconecte.com\/?p=24190","title":{"rendered":"CAMINO AL RANCHITO ESTAR\u00c1 CERRADO AL TRAFICO VEHICULAR DEBIDO A MANTENIMIENTO"},"content":{"rendered":"<p>Por cuestiones de mantenimiento el camino al ranchito ser\u00e1 cerrado al tr\u00e1nsito vehicular a partir del jueves 19 de septiembre del presente a\u00f1o debido a que se encuentra en muy malas condiciones, lo anterior inform\u00f3 el Director de Obras y Servicios P\u00fablicos Municipales, Rub\u00e9n D\u00e1vila Aguilar.<\/p>\n<p>Explico que derivado a las lluvias el camino de terracer\u00eda est\u00e1 intransitable por lo que ser\u00e1 atendido de manera inmediata debido a la importante conectividad con colonias ubicadas en la zona norte del municipio, por lo anterior se pide de la comprensi\u00f3n de la ciudadan\u00eda y busquen v\u00edas alternas a quienes transitan por\u00a0esa\u00a0vialidad.<\/p>\n<p><a  href=\"https:\/\/enconecte.com\/wp-content\/uploads\/2024\/09\/Imagen-de-WhatsApp-2024-09-18-a-las-18.51.34_75948bc7.jpg\" data-rel=\"lightbox-gallery-0\" data-rl_title=\"\" data-rl_caption=\"\" title=\"\"><img loading=\"lazy\" decoding=\"async\" class=\"alignnone size-full wp-image-24192\" src=\"https:\/\/enconecte.com\/wp-content\/uploads\/2024\/09\/Imagen-de-WhatsApp-2024-09-18-a-las-18.51.34_75948bc7.jpg\" alt=\"\" width=\"1600\" height=\"1200\" srcset=\"https:\/\/enconecte.com\/wp-content\/uploads\/2024\/09\/Imagen-de-WhatsApp-2024-09-18-a-las-18.51.34_75948bc7.jpg 1600w, https:\/\/enconecte.com\/wp-content\/uploads\/2024\/09\/Imagen-de-WhatsApp-2024-09-18-a-las-18.51.34_75948bc7-300x225.jpg 300w, https:\/\/enconecte.com\/wp-content\/uploads\/2024\/09\/Imagen-de-WhatsApp-2024-09-18-a-las-18.51.34_75948bc7-1024x768.jpg 1024w, https:\/\/enconecte.com\/wp-content\/uploads\/2024\/09\/Imagen-de-WhatsApp-2024-09-18-a-las-18.51.34_75948bc7-768x576.jpg 768w, https:\/\/enconecte.com\/wp-content\/uploads\/2024\/09\/Imagen-de-WhatsApp-2024-09-18-a-las-18.51.34_75948bc7-1536x1152.jpg 1536w\" sizes=\"auto, (max-width: 1600px) 100vw, 1600px\" \/><\/a><\/p>\n","protected":false},"excerpt":{"rendered":"<p>Por cuestiones de mantenimiento el camino al ranchito ser\u00e1 cerrado al tr\u00e1nsito vehicular a partir del jueves 19 de septiembre del presente a\u00f1o debido a que se encuentra en muy malas condiciones, lo anterior inform\u00f3 el Director de Obras y Servicios P\u00fablicos Municipales, Rub\u00e9n D\u00e1vila Aguilar. Explico que derivado a las lluvias el camino de [&hellip;]<\/p>\n","protected":false},"author":9,"featured_media":24191,"comment_status":"closed","ping_status":"closed","sticky":false,"template":"","format":"standard","meta":{"footnotes":""},"categories":[1370],"tags":[],"class_list":["post-24190","post","type-post","status-publish","format-standard","has-post-thumbnail","hentry","category-jerez"],"_links":{"self":[{"href":"https:\/\/enconecte.com\/index.php?rest_route=\/wp\/v2\/posts\/24190","targetHints":{"allow":["GET"]}}],"collection":[{"href":"https:\/\/enconecte.com\/index.php?rest_route=\/wp\/v2\/posts"}],"about":[{"href":"https:\/\/enconecte.com\/index.php?rest_route=\/wp\/v2\/types\/post"}],"author":[{"embeddable":true,"href":"https:\/\/enconecte.com\/index.php?rest_route=\/wp\/v2\/users\/9"}],"replies":[{"embeddable":true,"href":"https:\/\/enconecte.com\/index.php?rest_route=%2Fwp%2Fv2%2Fcomments&post=24190"}],"version-history":[{"count":0,"href":"https:\/\/enconecte.com\/index.php?rest_route=\/wp\/v2\/posts\/24190\/revisions"}],"wp:featuredmedia":[{"embeddable":true,"href":"https:\/\/enconecte.com\/index.php?rest_route=\/wp\/v2\/media\/24191"}],"wp:attachment":[{"href":"https:\/\/enconecte.com\/index.php?rest_route=%2Fwp%2Fv2%2Fmedia&parent=24190"}],"wp:term":[{"taxonomy":"category","embeddable":true,"href":"https:\/\/enconecte.com\/index.php?rest_route=%2Fwp%2Fv2%2Fcategories&post=24190"},{"taxonomy":"post_tag","embeddable":true,"href":"https:\/\/enconecte.com\/index.php?rest_route=%2Fwp%2Fv2%2Ftags&post=24190"}],"curies":[{"name":"wp","href":"https:\/\/api.w.org\/{rel}","templated":true}]}}