{"id":24187,"date":"2024-09-22T17:43:48","date_gmt":"2024-09-22T23:43:48","guid":{"rendered":"https:\/\/enconecte.com\/?p=24187"},"modified":"2024-09-23T17:45:07","modified_gmt":"2024-09-23T23:45:07","slug":"reciben-trabajadores-del-rastro-municipal-vacunacion-y-platicas-para-prevenir-infecciones-bacterianas","status":"publish","type":"post","link":"https:\/\/enconecte.com\/?p=24187","title":{"rendered":"RECIBEN TRABAJADORES DEL RASTRO MUNICIPAL VACUNACI\u00d3N Y PL\u00c1TICAS PARA PREVENIR INFECCIONES BACTERIANAS"},"content":{"rendered":"<p>Trabajadores del Rastro Municipal recibieron vacunaci\u00f3n contra el t\u00e9tanos, adem\u00e1s, una pl\u00e1tica por parte del personal de Sector Salud relacionado con tuberculosis y brucelosis, lo anterior para evitar contraer alguna infecci\u00f3n bacteriana, con ello se toman las medidas higi\u00e9nicas y se previene contagio que pasa de los animales a las personas.<\/p>\n<p>La Administradora del Rastro Municipal, Jovita Ortega Trujillo, coment\u00f3 que por instrucciones del Presidente Municipal Rodrigo Ure\u00f1o, la seguridad y salud de los trabajadores es una prioridad, con la finalidad de cuidar el recurso humano y as\u00ed proteger a sus respectivas familias al mantenerlos sanos. Asimismo, 18 trabajadores se vacunaron y escucharon sobre las medidas a seguir, al mismo tiempo se hicieron algunas pruebas de factores\u00a0de\u00a0riesgo.<\/p>\n<p><a  href=\"https:\/\/enconecte.com\/wp-content\/uploads\/2024\/09\/Imagen-de-WhatsApp-2024-09-23-a-las-13.29.41_a021cce2.jpg\" data-rel=\"lightbox-gallery-0\" data-rl_title=\"\" data-rl_caption=\"\" title=\"\"><img loading=\"lazy\" decoding=\"async\" class=\"alignnone size-full wp-image-24188\" src=\"https:\/\/enconecte.com\/wp-content\/uploads\/2024\/09\/Imagen-de-WhatsApp-2024-09-23-a-las-13.29.41_a021cce2.jpg\" alt=\"\" width=\"1280\" height=\"853\" srcset=\"https:\/\/enconecte.com\/wp-content\/uploads\/2024\/09\/Imagen-de-WhatsApp-2024-09-23-a-las-13.29.41_a021cce2.jpg 1280w, https:\/\/enconecte.com\/wp-content\/uploads\/2024\/09\/Imagen-de-WhatsApp-2024-09-23-a-las-13.29.41_a021cce2-300x200.jpg 300w, https:\/\/enconecte.com\/wp-content\/uploads\/2024\/09\/Imagen-de-WhatsApp-2024-09-23-a-las-13.29.41_a021cce2-1024x682.jpg 1024w, https:\/\/enconecte.com\/wp-content\/uploads\/2024\/09\/Imagen-de-WhatsApp-2024-09-23-a-las-13.29.41_a021cce2-768x512.jpg 768w\" sizes=\"auto, (max-width: 1280px) 100vw, 1280px\" \/><\/a><\/p>\n","protected":false},"excerpt":{"rendered":"<p>Trabajadores del Rastro Municipal recibieron vacunaci\u00f3n contra el t\u00e9tanos, adem\u00e1s, una pl\u00e1tica por parte del personal de Sector Salud relacionado con tuberculosis y brucelosis, lo anterior para evitar contraer alguna infecci\u00f3n bacteriana, con ello se toman las medidas higi\u00e9nicas y se previene contagio que pasa de los animales a las personas. La Administradora del Rastro [&hellip;]<\/p>\n","protected":false},"author":9,"featured_media":24189,"comment_status":"closed","ping_status":"closed","sticky":false,"template":"","format":"standard","meta":{"footnotes":""},"categories":[1370],"tags":[],"class_list":["post-24187","post","type-post","status-publish","format-standard","has-post-thumbnail","hentry","category-jerez"],"_links":{"self":[{"href":"https:\/\/enconecte.com\/index.php?rest_route=\/wp\/v2\/posts\/24187","targetHints":{"allow":["GET"]}}],"collection":[{"href":"https:\/\/enconecte.com\/index.php?rest_route=\/wp\/v2\/posts"}],"about":[{"href":"https:\/\/enconecte.com\/index.php?rest_route=\/wp\/v2\/types\/post"}],"author":[{"embeddable":true,"href":"https:\/\/enconecte.com\/index.php?rest_route=\/wp\/v2\/users\/9"}],"replies":[{"embeddable":true,"href":"https:\/\/enconecte.com\/index.php?rest_route=%2Fwp%2Fv2%2Fcomments&post=24187"}],"version-history":[{"count":0,"href":"https:\/\/enconecte.com\/index.php?rest_route=\/wp\/v2\/posts\/24187\/revisions"}],"wp:featuredmedia":[{"embeddable":true,"href":"https:\/\/enconecte.com\/index.php?rest_route=\/wp\/v2\/media\/24189"}],"wp:attachment":[{"href":"https:\/\/enconecte.com\/index.php?rest_route=%2Fwp%2Fv2%2Fmedia&parent=24187"}],"wp:term":[{"taxonomy":"category","embeddable":true,"href":"https:\/\/enconecte.com\/index.php?rest_route=%2Fwp%2Fv2%2Fcategories&post=24187"},{"taxonomy":"post_tag","embeddable":true,"href":"https:\/\/enconecte.com\/index.php?rest_route=%2Fwp%2Fv2%2Ftags&post=24187"}],"curies":[{"name":"wp","href":"https:\/\/api.w.org\/{rel}","templated":true}]}}