{"id":24184,"date":"2024-09-22T17:41:21","date_gmt":"2024-09-22T23:41:21","guid":{"rendered":"https:\/\/enconecte.com\/?p=24184"},"modified":"2024-09-23T17:43:32","modified_gmt":"2024-09-23T23:43:32","slug":"reafirma-rodrigo-ureno-su-compromiso-con-emprendores-y-artesanos-jerezanos-en-el-pabellon-jerez-magico","status":"publish","type":"post","link":"https:\/\/enconecte.com\/?p=24184","title":{"rendered":"REAFIRMA RODRIGO URE\u00d1O SU COMPROMISO CON EMPRENDORES Y ARTESANOS JEREZANOS EN EL PABELL\u00d3N JEREZ M\u00c1GICO"},"content":{"rendered":"<p>Este domingo, el Presidente Municipal Rodrigo Ure\u00f1o, acompa\u00f1ado de la Presidenta Honor\u00edfica del DIF, Est\u00e9fana Casas Gonz\u00e1lez y su familia, inaugur\u00f3 el Pabell\u00f3n Jerez M\u00e1gico &#8220;Nuestra Cultura Artesanal&#8221;, un espacio de exposici\u00f3n en que se dieron cita casi 30 emprendedores y artesanos jerezanos. En su mensaje, el alcalde dijo: &#8220;Hoy apoyamos a los artesanos, ma\u00f1ana ser\u00e1n los m\u00fasicos, los deportistas, los campesinos, pues todos somos Jerez&#8221;.<\/p>\n<p>La titular del Departamento de Turismo Cristina Salcedo confirm\u00f3 el compromiso del Ayuntamiento 2024-2027 con los artesanos, emprendedores y peque\u00f1os productores. Por su parte, la Directora del Instituto Jerezano de Cultura, Mar\u00eda Guadalupe Rodr\u00edguez, al dar la bienvenida al pabell\u00f3n, agreg\u00f3 que este ser\u00e1 un programa continuo, que se sumar\u00e1 a los esfuerzos para promover, fomentar e impulsar el talento e iniciativa de las y los jerezanos.<\/p>\n<p>La inauguraci\u00f3n se vio engalanada con la participaci\u00f3n del Ballet Infantil del Instituto Jerezano de Cultura, a cargo de Julieta Rodr\u00edguez, y las habilidades charras del joven Rodrigo Ure\u00f1o Casas, quienes agregaron la nota de tradici\u00f3n e identidad a este\u00a0\u00a0evento.<\/p>\n<p><a  href=\"https:\/\/enconecte.com\/wp-content\/uploads\/2024\/09\/Imagen-de-WhatsApp-2024-09-22-a-las-13.52.48_d59e37b5.jpg\" data-rel=\"lightbox-gallery-0\" data-rl_title=\"\" data-rl_caption=\"\" title=\"\"><img loading=\"lazy\" decoding=\"async\" class=\"alignnone size-full wp-image-24186\" src=\"https:\/\/enconecte.com\/wp-content\/uploads\/2024\/09\/Imagen-de-WhatsApp-2024-09-22-a-las-13.52.48_d59e37b5.jpg\" alt=\"\" width=\"1599\" height=\"1066\" srcset=\"https:\/\/enconecte.com\/wp-content\/uploads\/2024\/09\/Imagen-de-WhatsApp-2024-09-22-a-las-13.52.48_d59e37b5.jpg 1599w, https:\/\/enconecte.com\/wp-content\/uploads\/2024\/09\/Imagen-de-WhatsApp-2024-09-22-a-las-13.52.48_d59e37b5-300x200.jpg 300w, https:\/\/enconecte.com\/wp-content\/uploads\/2024\/09\/Imagen-de-WhatsApp-2024-09-22-a-las-13.52.48_d59e37b5-1024x683.jpg 1024w, https:\/\/enconecte.com\/wp-content\/uploads\/2024\/09\/Imagen-de-WhatsApp-2024-09-22-a-las-13.52.48_d59e37b5-768x512.jpg 768w, https:\/\/enconecte.com\/wp-content\/uploads\/2024\/09\/Imagen-de-WhatsApp-2024-09-22-a-las-13.52.48_d59e37b5-1536x1024.jpg 1536w\" sizes=\"auto, (max-width: 1599px) 100vw, 1599px\" \/><\/a><\/p>\n","protected":false},"excerpt":{"rendered":"<p>Este domingo, el Presidente Municipal Rodrigo Ure\u00f1o, acompa\u00f1ado de la Presidenta Honor\u00edfica del DIF, Est\u00e9fana Casas Gonz\u00e1lez y su familia, inaugur\u00f3 el Pabell\u00f3n Jerez M\u00e1gico &#8220;Nuestra Cultura Artesanal&#8221;, un espacio de exposici\u00f3n en que se dieron cita casi 30 emprendedores y artesanos jerezanos. En su mensaje, el alcalde dijo: &#8220;Hoy apoyamos a los artesanos, ma\u00f1ana [&hellip;]<\/p>\n","protected":false},"author":9,"featured_media":24185,"comment_status":"closed","ping_status":"closed","sticky":false,"template":"","format":"standard","meta":{"footnotes":""},"categories":[1370],"tags":[],"class_list":["post-24184","post","type-post","status-publish","format-standard","has-post-thumbnail","hentry","category-jerez"],"_links":{"self":[{"href":"https:\/\/enconecte.com\/index.php?rest_route=\/wp\/v2\/posts\/24184","targetHints":{"allow":["GET"]}}],"collection":[{"href":"https:\/\/enconecte.com\/index.php?rest_route=\/wp\/v2\/posts"}],"about":[{"href":"https:\/\/enconecte.com\/index.php?rest_route=\/wp\/v2\/types\/post"}],"author":[{"embeddable":true,"href":"https:\/\/enconecte.com\/index.php?rest_route=\/wp\/v2\/users\/9"}],"replies":[{"embeddable":true,"href":"https:\/\/enconecte.com\/index.php?rest_route=%2Fwp%2Fv2%2Fcomments&post=24184"}],"version-history":[{"count":0,"href":"https:\/\/enconecte.com\/index.php?rest_route=\/wp\/v2\/posts\/24184\/revisions"}],"wp:featuredmedia":[{"embeddable":true,"href":"https:\/\/enconecte.com\/index.php?rest_route=\/wp\/v2\/media\/24185"}],"wp:attachment":[{"href":"https:\/\/enconecte.com\/index.php?rest_route=%2Fwp%2Fv2%2Fmedia&parent=24184"}],"wp:term":[{"taxonomy":"category","embeddable":true,"href":"https:\/\/enconecte.com\/index.php?rest_route=%2Fwp%2Fv2%2Fcategories&post=24184"},{"taxonomy":"post_tag","embeddable":true,"href":"https:\/\/enconecte.com\/index.php?rest_route=%2Fwp%2Fv2%2Ftags&post=24184"}],"curies":[{"name":"wp","href":"https:\/\/api.w.org\/{rel}","templated":true}]}}