{"id":24181,"date":"2024-09-19T21:25:57","date_gmt":"2024-09-20T03:25:57","guid":{"rendered":"https:\/\/enconecte.com\/?p=24181"},"modified":"2024-09-19T21:25:57","modified_gmt":"2024-09-20T03:25:57","slug":"rodrigo-ureno-se-reune-por-primera-vez-con-representantes-de-su-gabinete","status":"publish","type":"post","link":"https:\/\/enconecte.com\/?p=24181","title":{"rendered":"RODRIGO URE\u00d1O SE REUNE POR PRIMERA VEZ CON REPRESENTANTES DE SU GABINETE"},"content":{"rendered":"<p>Directores y encargados de las distintas \u00e1reas de la Presidencia Municipal, sostuvieron la primer reuni\u00f3n encabezada por el Alcalde Rodrigo Ure\u00f1o Ba\u00f1uelos quien les expuso que \u201chasta aqu\u00ed se acaban los colores\u201d, invit\u00e1ndoles a trabajar juntos empezando con las acciones de los primeros 100 d\u00edas y poner todo de su parte al tener un objetivo en com\u00fan: trabajar por Jerez.<\/p>\n<p>Por su parte la Jefa de Gabinete Jackie Mart\u00ednez Ju\u00e1rez, respald\u00f3 al Presidente Municipal manifestando que \u201cqueremos una administraci\u00f3n funcional\u201d, haciendo referencia a la omisi\u00f3n de revanchismos y generar las condiciones para que todos puedan trabajar de la mano.<\/p>\n<p>En la reuni\u00f3n se inform\u00f3 de la nueva Oficial\u00eda de Partes, la cual agilizar\u00e1 tr\u00e1mites y dar\u00e1 respuestas eficaces en las solicitudes de\u00a0la\u00a0ciudadan\u00eda.<\/p>\n<p><a  href=\"https:\/\/enconecte.com\/wp-content\/uploads\/2024\/09\/Imagen-de-WhatsApp-2024-09-19-a-las-14.14.31_88419b5f.jpg\" data-rel=\"lightbox-gallery-0\" data-rl_title=\"\" data-rl_caption=\"\" title=\"\"><img loading=\"lazy\" decoding=\"async\" class=\"alignnone size-full wp-image-24183\" src=\"https:\/\/enconecte.com\/wp-content\/uploads\/2024\/09\/Imagen-de-WhatsApp-2024-09-19-a-las-14.14.31_88419b5f.jpg\" alt=\"\" width=\"1280\" height=\"853\" srcset=\"https:\/\/enconecte.com\/wp-content\/uploads\/2024\/09\/Imagen-de-WhatsApp-2024-09-19-a-las-14.14.31_88419b5f.jpg 1280w, https:\/\/enconecte.com\/wp-content\/uploads\/2024\/09\/Imagen-de-WhatsApp-2024-09-19-a-las-14.14.31_88419b5f-300x200.jpg 300w, https:\/\/enconecte.com\/wp-content\/uploads\/2024\/09\/Imagen-de-WhatsApp-2024-09-19-a-las-14.14.31_88419b5f-1024x682.jpg 1024w, https:\/\/enconecte.com\/wp-content\/uploads\/2024\/09\/Imagen-de-WhatsApp-2024-09-19-a-las-14.14.31_88419b5f-768x512.jpg 768w\" sizes=\"auto, (max-width: 1280px) 100vw, 1280px\" \/><\/a><\/p>\n","protected":false},"excerpt":{"rendered":"<p>Directores y encargados de las distintas \u00e1reas de la Presidencia Municipal, sostuvieron la primer reuni\u00f3n encabezada por el Alcalde Rodrigo Ure\u00f1o Ba\u00f1uelos quien les expuso que \u201chasta aqu\u00ed se acaban los colores\u201d, invit\u00e1ndoles a trabajar juntos empezando con las acciones de los primeros 100 d\u00edas y poner todo de su parte al tener un objetivo [&hellip;]<\/p>\n","protected":false},"author":9,"featured_media":24182,"comment_status":"closed","ping_status":"closed","sticky":false,"template":"","format":"standard","meta":{"footnotes":""},"categories":[1370],"tags":[],"class_list":["post-24181","post","type-post","status-publish","format-standard","has-post-thumbnail","hentry","category-jerez"],"_links":{"self":[{"href":"https:\/\/enconecte.com\/index.php?rest_route=\/wp\/v2\/posts\/24181","targetHints":{"allow":["GET"]}}],"collection":[{"href":"https:\/\/enconecte.com\/index.php?rest_route=\/wp\/v2\/posts"}],"about":[{"href":"https:\/\/enconecte.com\/index.php?rest_route=\/wp\/v2\/types\/post"}],"author":[{"embeddable":true,"href":"https:\/\/enconecte.com\/index.php?rest_route=\/wp\/v2\/users\/9"}],"replies":[{"embeddable":true,"href":"https:\/\/enconecte.com\/index.php?rest_route=%2Fwp%2Fv2%2Fcomments&post=24181"}],"version-history":[{"count":0,"href":"https:\/\/enconecte.com\/index.php?rest_route=\/wp\/v2\/posts\/24181\/revisions"}],"wp:featuredmedia":[{"embeddable":true,"href":"https:\/\/enconecte.com\/index.php?rest_route=\/wp\/v2\/media\/24182"}],"wp:attachment":[{"href":"https:\/\/enconecte.com\/index.php?rest_route=%2Fwp%2Fv2%2Fmedia&parent=24181"}],"wp:term":[{"taxonomy":"category","embeddable":true,"href":"https:\/\/enconecte.com\/index.php?rest_route=%2Fwp%2Fv2%2Fcategories&post=24181"},{"taxonomy":"post_tag","embeddable":true,"href":"https:\/\/enconecte.com\/index.php?rest_route=%2Fwp%2Fv2%2Ftags&post=24181"}],"curies":[{"name":"wp","href":"https:\/\/api.w.org\/{rel}","templated":true}]}}