{"id":24178,"date":"2024-09-17T21:24:33","date_gmt":"2024-09-18T03:24:33","guid":{"rendered":"https:\/\/enconecte.com\/?p=24178"},"modified":"2024-09-19T21:25:04","modified_gmt":"2024-09-20T03:25:04","slug":"hagamos-equipo-por-las-familias-jerezanas-estefana-casas-presidenta-del-dif-municipal","status":"publish","type":"post","link":"https:\/\/enconecte.com\/?p=24178","title":{"rendered":"HAGAMOS EQUIPO POR LAS FAMILIAS JEREZANAS: ESTEFANA CASAS, PRESIDENTA DEL DIF MUNICIPAL"},"content":{"rendered":"<p>La Presidenta Honor\u00edfica del DIF Municipal, Est\u00e9fana Casas Gonz\u00e1lez, asumi\u00f3 su cargo haciendo un llamado a la base trabajadora a hacer equipo por las familias y por qui\u00e9n as\u00ed lo necesite, y a entregarse de coraz\u00f3n al proyecto del Alcalde Rodrigo Ure\u00f1o Ba\u00f1uelos que busca la uni\u00f3n en favor de Jerez.<\/p>\n<p>Al dar la bienvenida al personal del Sistema, Casas Gonz\u00e1lez se expres\u00f3 contenta de tener la oportunidad de trabajar por el municipio desde el \u00e1rea m\u00e1s noble del Ayuntamiento, pidi\u00e9ndoles que \u201cdemos lo mejor de nosotros, Jerez y sus familias nos necesitan unidos, juntos hagamos un gran equipo\u201d.<\/p>\n<p>Posteriormente, realiz\u00f3 un recorrido por las Jefaturas del DIF, en donde expuso su deseo de aprender juntos y colaborar, con ayuda de la experiencia de unos e ideas nuevas\u00a0de\u00a0otros.<\/p>\n<p><a  href=\"https:\/\/enconecte.com\/wp-content\/uploads\/2024\/09\/Imagen-de-WhatsApp-2024-09-17-a-las-11.56.15_571a8092.jpg\" data-rel=\"lightbox-gallery-0\" data-rl_title=\"\" data-rl_caption=\"\" title=\"\"><img loading=\"lazy\" decoding=\"async\" class=\"alignnone size-full wp-image-24180\" src=\"https:\/\/enconecte.com\/wp-content\/uploads\/2024\/09\/Imagen-de-WhatsApp-2024-09-17-a-las-11.56.15_571a8092.jpg\" alt=\"\" width=\"1600\" height=\"1066\" srcset=\"https:\/\/enconecte.com\/wp-content\/uploads\/2024\/09\/Imagen-de-WhatsApp-2024-09-17-a-las-11.56.15_571a8092.jpg 1600w, https:\/\/enconecte.com\/wp-content\/uploads\/2024\/09\/Imagen-de-WhatsApp-2024-09-17-a-las-11.56.15_571a8092-300x200.jpg 300w, https:\/\/enconecte.com\/wp-content\/uploads\/2024\/09\/Imagen-de-WhatsApp-2024-09-17-a-las-11.56.15_571a8092-1024x682.jpg 1024w, https:\/\/enconecte.com\/wp-content\/uploads\/2024\/09\/Imagen-de-WhatsApp-2024-09-17-a-las-11.56.15_571a8092-768x512.jpg 768w, https:\/\/enconecte.com\/wp-content\/uploads\/2024\/09\/Imagen-de-WhatsApp-2024-09-17-a-las-11.56.15_571a8092-1536x1023.jpg 1536w\" sizes=\"auto, (max-width: 1600px) 100vw, 1600px\" \/><\/a><\/p>\n","protected":false},"excerpt":{"rendered":"<p>La Presidenta Honor\u00edfica del DIF Municipal, Est\u00e9fana Casas Gonz\u00e1lez, asumi\u00f3 su cargo haciendo un llamado a la base trabajadora a hacer equipo por las familias y por qui\u00e9n as\u00ed lo necesite, y a entregarse de coraz\u00f3n al proyecto del Alcalde Rodrigo Ure\u00f1o Ba\u00f1uelos que busca la uni\u00f3n en favor de Jerez. Al dar la bienvenida [&hellip;]<\/p>\n","protected":false},"author":9,"featured_media":24179,"comment_status":"closed","ping_status":"closed","sticky":false,"template":"","format":"standard","meta":{"footnotes":""},"categories":[1370],"tags":[],"class_list":["post-24178","post","type-post","status-publish","format-standard","has-post-thumbnail","hentry","category-jerez"],"_links":{"self":[{"href":"https:\/\/enconecte.com\/index.php?rest_route=\/wp\/v2\/posts\/24178","targetHints":{"allow":["GET"]}}],"collection":[{"href":"https:\/\/enconecte.com\/index.php?rest_route=\/wp\/v2\/posts"}],"about":[{"href":"https:\/\/enconecte.com\/index.php?rest_route=\/wp\/v2\/types\/post"}],"author":[{"embeddable":true,"href":"https:\/\/enconecte.com\/index.php?rest_route=\/wp\/v2\/users\/9"}],"replies":[{"embeddable":true,"href":"https:\/\/enconecte.com\/index.php?rest_route=%2Fwp%2Fv2%2Fcomments&post=24178"}],"version-history":[{"count":0,"href":"https:\/\/enconecte.com\/index.php?rest_route=\/wp\/v2\/posts\/24178\/revisions"}],"wp:featuredmedia":[{"embeddable":true,"href":"https:\/\/enconecte.com\/index.php?rest_route=\/wp\/v2\/media\/24179"}],"wp:attachment":[{"href":"https:\/\/enconecte.com\/index.php?rest_route=%2Fwp%2Fv2%2Fmedia&parent=24178"}],"wp:term":[{"taxonomy":"category","embeddable":true,"href":"https:\/\/enconecte.com\/index.php?rest_route=%2Fwp%2Fv2%2Fcategories&post=24178"},{"taxonomy":"post_tag","embeddable":true,"href":"https:\/\/enconecte.com\/index.php?rest_route=%2Fwp%2Fv2%2Ftags&post=24178"}],"curies":[{"name":"wp","href":"https:\/\/api.w.org\/{rel}","templated":true}]}}