{"id":24169,"date":"2024-09-16T21:21:18","date_gmt":"2024-09-17T03:21:18","guid":{"rendered":"https:\/\/enconecte.com\/?p=24169"},"modified":"2024-09-19T21:21:42","modified_gmt":"2024-09-20T03:21:42","slug":"conmemoran-en-jerez-el-214-aniversario-de-la-independencia-de-mexico","status":"publish","type":"post","link":"https:\/\/enconecte.com\/?p=24169","title":{"rendered":"CONMEMORAN EN JEREZ EL 214 ANIVERSARIO DE LA INDEPENDENCIA DE M\u00c9XICO"},"content":{"rendered":"<p>Con un acto c\u00edvico en el monumento a Miguel Hidalgo, autoridades municipales y educativas, encabezadas por el alcalde Rodrigo Ure\u00f1o Ba\u00f1uelos, conmemoraron el 214 Aniversario de la Independencia de M\u00e9xico.<\/p>\n<p>El presidente municipal atestigu\u00f3 el homenaje a los s\u00edmbolos patrios y la participaci\u00f3n de distintos sectores de la poblaci\u00f3n para honrar la importante fecha, en la que se recuerda el valor y el legado de quien lider\u00f3 el movimiento de lucha por la libertad y la justicia del pa\u00eds.<\/p>\n<p>Alumnos de la secundaria Francisco Garc\u00eda Salinas realizaron la lectura de la rese\u00f1a hist\u00f3rica de los eventos acontecidos a partir del 16 de septiembre de 1810, al tiempo que recitaron un poema alusivo a la patria, resaltando el esp\u00edritu inquebrantable de quienes lograron la independencia como un derecho conquistado con sacrificio y determinaci\u00f3n.<\/p>\n<p>Dentro de la ceremonia, el busto en honor al Padre de la Patria recibi\u00f3 la ofrenda floral por parte de los asistentes al evento entre los que se encontraron la presidenta honor\u00edfica del DIF Municipal, Est\u00e9fana Casas, y la s\u00edndico municipal Susana Arg\u00fcelles, adem\u00e1s de los regidores Juan Manuel Garc\u00eda, Javier Luna, Harayde Lozano, Fabiola Salazar, V\u00edctor Mar\u00edn, Miriam carrillo, Mar\u00eda Reyes, Dionicio Sald\u00edvar y Hebert Herrera.<\/p>\n<p>Tambi\u00e9n engalanaron el evento con su presencia la jefa de la Regi\u00f3n de Servicios Educativos 08 Federal Blanca Lilia Rodr\u00edguez, el jefe de la Regi\u00f3n de Servicios Educativos 08 Estatal Jaime Mart\u00edn Espitia, el coordinador del Centro de Desarrollo Educativo (CeDE) Jerez Adolfo Carrillo, as\u00ed como elementos de la Direcci\u00f3n de Seguridad P\u00fablica (DSPM), de la Coordinaci\u00f3n de Protecci\u00f3n Civil y Bomberos, y de Tr\u00e1nsito\u00a0Municipal.<\/p>\n<p><a  href=\"https:\/\/enconecte.com\/wp-content\/uploads\/2024\/09\/Imagen-de-WhatsApp-2024-09-16-a-las-09.53.29_5dc84b2c.jpg\" data-rel=\"lightbox-gallery-0\" data-rl_title=\"\" data-rl_caption=\"\" title=\"\"><img loading=\"lazy\" decoding=\"async\" class=\"alignnone size-full wp-image-24171\" src=\"https:\/\/enconecte.com\/wp-content\/uploads\/2024\/09\/Imagen-de-WhatsApp-2024-09-16-a-las-09.53.29_5dc84b2c.jpg\" alt=\"\" width=\"1600\" height=\"1066\" srcset=\"https:\/\/enconecte.com\/wp-content\/uploads\/2024\/09\/Imagen-de-WhatsApp-2024-09-16-a-las-09.53.29_5dc84b2c.jpg 1600w, https:\/\/enconecte.com\/wp-content\/uploads\/2024\/09\/Imagen-de-WhatsApp-2024-09-16-a-las-09.53.29_5dc84b2c-300x200.jpg 300w, https:\/\/enconecte.com\/wp-content\/uploads\/2024\/09\/Imagen-de-WhatsApp-2024-09-16-a-las-09.53.29_5dc84b2c-1024x682.jpg 1024w, https:\/\/enconecte.com\/wp-content\/uploads\/2024\/09\/Imagen-de-WhatsApp-2024-09-16-a-las-09.53.29_5dc84b2c-768x512.jpg 768w, https:\/\/enconecte.com\/wp-content\/uploads\/2024\/09\/Imagen-de-WhatsApp-2024-09-16-a-las-09.53.29_5dc84b2c-1536x1023.jpg 1536w\" sizes=\"auto, (max-width: 1600px) 100vw, 1600px\" \/><\/a><\/p>\n","protected":false},"excerpt":{"rendered":"<p>Con un acto c\u00edvico en el monumento a Miguel Hidalgo, autoridades municipales y educativas, encabezadas por el alcalde Rodrigo Ure\u00f1o Ba\u00f1uelos, conmemoraron el 214 Aniversario de la Independencia de M\u00e9xico. El presidente municipal atestigu\u00f3 el homenaje a los s\u00edmbolos patrios y la participaci\u00f3n de distintos sectores de la poblaci\u00f3n para honrar la importante fecha, en [&hellip;]<\/p>\n","protected":false},"author":9,"featured_media":24170,"comment_status":"closed","ping_status":"closed","sticky":false,"template":"","format":"standard","meta":{"footnotes":""},"categories":[1370],"tags":[],"class_list":["post-24169","post","type-post","status-publish","format-standard","has-post-thumbnail","hentry","category-jerez"],"_links":{"self":[{"href":"https:\/\/enconecte.com\/index.php?rest_route=\/wp\/v2\/posts\/24169","targetHints":{"allow":["GET"]}}],"collection":[{"href":"https:\/\/enconecte.com\/index.php?rest_route=\/wp\/v2\/posts"}],"about":[{"href":"https:\/\/enconecte.com\/index.php?rest_route=\/wp\/v2\/types\/post"}],"author":[{"embeddable":true,"href":"https:\/\/enconecte.com\/index.php?rest_route=\/wp\/v2\/users\/9"}],"replies":[{"embeddable":true,"href":"https:\/\/enconecte.com\/index.php?rest_route=%2Fwp%2Fv2%2Fcomments&post=24169"}],"version-history":[{"count":0,"href":"https:\/\/enconecte.com\/index.php?rest_route=\/wp\/v2\/posts\/24169\/revisions"}],"wp:featuredmedia":[{"embeddable":true,"href":"https:\/\/enconecte.com\/index.php?rest_route=\/wp\/v2\/media\/24170"}],"wp:attachment":[{"href":"https:\/\/enconecte.com\/index.php?rest_route=%2Fwp%2Fv2%2Fmedia&parent=24169"}],"wp:term":[{"taxonomy":"category","embeddable":true,"href":"https:\/\/enconecte.com\/index.php?rest_route=%2Fwp%2Fv2%2Fcategories&post=24169"},{"taxonomy":"post_tag","embeddable":true,"href":"https:\/\/enconecte.com\/index.php?rest_route=%2Fwp%2Fv2%2Ftags&post=24169"}],"curies":[{"name":"wp","href":"https:\/\/api.w.org\/{rel}","templated":true}]}}